{"id":19213,"date":"2021-03-13T04:30:00","date_gmt":"2021-03-13T04:30:00","guid":{"rendered":"https:\/\/www.radiopresidenteibanez.cl\/web\/?p=19213"},"modified":"2021-03-12T18:57:39","modified_gmt":"2021-03-12T18:57:39","slug":"autoridades-regionales-valoran-los-nuevos-beneficios-economicos-dirigidos-a-la-clase-media","status":"publish","type":"post","link":"https:\/\/www.radiopresidenteibanez.cl\/web\/autoridades-regionales-valoran-los-nuevos-beneficios-economicos-dirigidos-a-la-clase-media\/","title":{"rendered":"AUTORIDADES REGIONALES VALORAN LOS NUEVOS BENEFICIOS ECON\u00d3MICOS DIRIGIDOS A LA CLASE MEDIA"},"content":{"rendered":"\n<p>Con el objetivo de seguir\napoyando a las familias y a los trabajadores del pa\u00eds frente a la pandemia, ayer\nel Presidente Sebasti\u00e1n Pi\u00f1era anunci\u00f3 tres nuevos aportes econ\u00f3micos, los que\nincluyen un bono para la clase media, un pr\u00e9stamo solidario y un nuevo subsidio\nal arriendo.<\/p>\n\n\n\n<p>Este Bono y Pr\u00e9stamo para la\nClase Media se otorgar\u00e1 apenas se apruebe la ley y beneficiar\u00e1 a cerca de 1,5\nmillones de familias y 3,6 millones de personas de nuestro pa\u00eds. Una noticia\nque hizo eco en Magallanes, ya que la Intendenta regional, Jenniffer Rojas,\nmanifest\u00f3 que esto va en directo beneficio de la clase media de nuestro pa\u00eds y\nde Magallanes: <em>\u201cSin duda, es una\nimportante noticia el anuncio del Presidente Sebasti\u00e1n Pi\u00f1era, ya que estos\nrecursos son un apoyo para las familias, y los trabajadores, que lo han pasado tan\nmal durante la pandemia. Con esto, buscamos apoyar a la ciudadan\u00eda pensando en\nlos pr\u00f3ximos meses, porque la crisis sanitaria a\u00fan est\u00e1 presente y sigue\ngenerando efectos en el \u00e1mbito econ\u00f3mico y social\u201d<\/em>, dijo la Intendenta Rojas.<\/p>\n\n\n\n<p>Por otro lado, la seremi de\nHacienda Magallanes, Lil Garc\u00e9s, acot\u00f3: <em>\u201cDebido\na las restricciones que a\u00fan existen por la pandemia, estas medidas de apoyo\npermiten robustecer la Red de Protecci\u00f3n Social, sum\u00e1ndose al Ingreso Familiar\nde Emergencia, Ley de Protecci\u00f3n al Empleo, Subsidio al Empleo, los pr\u00e9stamos\nFogape a las pymes, entre otras, que buscan otorgar alivio a las familias y\ntrabajadores de nuestra regi\u00f3n en los pr\u00f3ximos meses\u201d<\/em>, dijo la seremi\nGarc\u00e9s.<\/p>\n\n\n\n<p>Los beneficios y sus detalles son\nlos siguientes:<\/p>\n\n\n\n<p><strong>Bono Clase Media 2021<\/strong><\/p>\n\n\n\n<p>Este nuevo bono ser\u00e1 para las\npersonas cuyos ingresos formales fluct\u00faen entre el sueldo m\u00ednimo y los 2\nmillones de pesos.<\/p>\n\n\n\n<p>Se entregar\u00e1 un bono base de $400\nmil, dirigido a todos quienes tengan ingresos entre el sueldo m\u00ednimo y $1.5\nmillones. Podr\u00e1 aumentar hasta $600 mil, dependiendo de la cantidad de menores\nde edad, personas con discapacidad o adultos mayores en el hogar. El bono ser\u00e1\ndecreciente para quienes reciban ingresos entre 1.5 y 2 millones.<\/p>\n\n\n\n<p>Requisitos:<\/p>\n\n\n\n<ul class=\"wp-block-list\"><li>Trabajadores con ingresos entre el Salario\nM\u00ednimo y $400 mil: Sin requisitos.<\/li><li>Trabajadores con ingresos entre $400 mil y $2\nmillones con una ca\u00edda de ingresos en al menos 30%.<\/li><\/ul>\n\n\n\n<p><strong>Pr\u00e9stamo Solidario 2021<\/strong><\/p>\n\n\n\n<p>Este pr\u00e9stamo consiste en un\ncr\u00e9dito en UF, sin intereses, con un a\u00f1o de gracia, que se podr\u00e1 pagar en 4\ncuotas anuales, que no podr\u00e1n exceder el 5% de los ingresos anuales totales del\ntrabajador.<\/p>\n\n\n\n<p>Los requisitos ser\u00e1n tener una\nca\u00edda en el ingreso formal de al menos 30%, considerando como fuentes de\ningreso el empleo dependiente, boletas de honorarios e ingresos de empresas\nindividuales. La ca\u00edda de ingresos formales se calcular\u00e1 comparando el ingreso\npromedio de enero y febrero 2021 con el ingreso formal de los mismos meses de\n2020.<\/p>\n\n\n\n<p>El pr\u00e9stamo considera un m\u00e1ximo\nde 3 cuotas, salvo para aquellos solicitantes que se hayan beneficiado con el\nBono Clase Media 2021, en cuyo caso el m\u00e1ximo es 2. El monto que se podr\u00e1\nsolicitar corresponde al 100% de la ca\u00edda de ingresos formales, con un tope\nm\u00e1ximo de $650 mil por cuota.<\/p>\n\n\n\n<p><strong>Subsidio de arriendo Clase Media<\/strong><\/p>\n\n\n\n<p>Se trata de un subsidio especial\nde arriendo para familias que se han visto afectadas econ\u00f3micamente por la\npandemia. Este beneficio comenz\u00f3 su primera entrega durante el segundo semestre\nde 2020 e iniciar\u00e1 un nuevo proceso de postulaci\u00f3n durante marzo de este a\u00f1o.<\/p>\n\n\n\n<p>El monto a asignar es de hasta\n$250.000 y el valor m\u00e1ximo de la vivienda a arrendar aumenta a $600.000. Cuenta\ncon una cobertura de hasta 70% del arriendo y un copago m\u00ednimo de 30% por parte\ndel beneficiario.<\/p>\n\n\n\n<p>Una vez definido el monto para\ncada beneficiario, se entrega el pago completo al arrendador equivalente a 3\nmeses. Por ejemplo, si el subsidio corresponde a $250.000 mensuales, en el\nprimer mes el arrendador recibir\u00e1 $750.000, en un solo pago.<\/p>\n\n\n\n<p>Est\u00e1 dirigido a grupos familiares\nde ingresos bajos y medios de todas las regiones del pa\u00eds, que han visto\nafectada su situaci\u00f3n laboral y que se encuentran arrendando una vivienda\nactualmente. No se exigir\u00e1 contar con grupo familiar y no ser\u00e1 obligatorio\ncontar con RSH.<\/p>\n\n\n\n<p>Son 50.000 subsidios, con una\ninversi\u00f3n superior a los $30 mil millones (1.050.000 UF), y las familias lo\nrecibir\u00e1n por un plazo de 3 meses.<\/p>\n\n\n\n<p>Requisitos para postular:<\/p>\n\n\n\n<ul class=\"wp-block-list\"><li>Demostrar p\u00e9rdida de empleo o baja de m\u00e1s del\n30% de ingresos.<\/li><li>Declaraci\u00f3n del n\u00facleo familiar con el que se\npostula.<\/li><li>Estar arrendando una vivienda actualmente de\nhasta $600.000.<\/li><li>Presentar los documentos de postulaci\u00f3n.<\/li><li>Para postular al subsidio hay que ingresar a\nwww.minvu.cl<\/li><\/ul>\n","protected":false},"excerpt":{"rendered":"<p>Con el objetivo de seguir apoyando a las familias y a los trabajadores del pa\u00eds frente a la pandemia, ayer el Presidente Sebasti\u00e1n Pi\u00f1era anunci\u00f3 tres nuevos aportes econ\u00f3micos, los&#8230; <a class=\"read-more\" href=\"https:\/\/www.radiopresidenteibanez.cl\/web\/autoridades-regionales-valoran-los-nuevos-beneficios-economicos-dirigidos-a-la-clase-media\/\">Leer m\u00e1s<\/a><\/p>\n","protected":false},"author":2,"featured_media":19214,"comment_status":"closed","ping_status":"closed","sticky":false,"template":"","format":"standard","meta":{"footnotes":""},"categories":[1],"tags":[],"class_list":["post-19213","post","type-post","status-publish","format-standard","has-post-thumbnail","hentry","category-cronica"],"_links":{"self":[{"href":"https:\/\/www.radiopresidenteibanez.cl\/web\/wp-json\/wp\/v2\/posts\/19213","targetHints":{"allow":["GET"]}}],"collection":[{"href":"https:\/\/www.radiopresidenteibanez.cl\/web\/wp-json\/wp\/v2\/posts"}],"about":[{"href":"https:\/\/www.radiopresidenteibanez.cl\/web\/wp-json\/wp\/v2\/types\/post"}],"author":[{"embeddable":true,"href":"https:\/\/www.radiopresidenteibanez.cl\/web\/wp-json\/wp\/v2\/users\/2"}],"replies":[{"embeddable":true,"href":"https:\/\/www.radiopresidenteibanez.cl\/web\/wp-json\/wp\/v2\/comments?post=19213"}],"version-history":[{"count":0,"href":"https:\/\/www.radiopresidenteibanez.cl\/web\/wp-json\/wp\/v2\/posts\/19213\/revisions"}],"wp:featuredmedia":[{"embeddable":true,"href":"https:\/\/www.radiopresidenteibanez.cl\/web\/wp-json\/wp\/v2\/media\/19214"}],"wp:attachment":[{"href":"https:\/\/www.radiopresidenteibanez.cl\/web\/wp-json\/wp\/v2\/media?parent=19213"}],"wp:term":[{"taxonomy":"category","embeddable":true,"href":"https:\/\/www.radiopresidenteibanez.cl\/web\/wp-json\/wp\/v2\/categories?post=19213"},{"taxonomy":"post_tag","embeddable":true,"href":"https:\/\/www.radiopresidenteibanez.cl\/web\/wp-json\/wp\/v2\/tags?post=19213"}],"curies":[{"name":"wp","href":"https:\/\/api.w.org\/{rel}","templated":true}]}}