{"id":19207,"date":"2021-03-12T18:52:21","date_gmt":"2021-03-12T18:52:21","guid":{"rendered":"https:\/\/www.radiopresidenteibanez.cl\/web\/?p=19207"},"modified":"2021-03-12T18:52:27","modified_gmt":"2021-03-12T18:52:27","slug":"personal-de-rescate-de-carabineros-encuentra-a-persona-extraviada-en-parque-nacional-torres-del-paine","status":"publish","type":"post","link":"https:\/\/www.radiopresidenteibanez.cl\/web\/personal-de-rescate-de-carabineros-encuentra-a-persona-extraviada-en-parque-nacional-torres-del-paine\/","title":{"rendered":"PERSONAL DE RESCATE DE CARABINEROS ENCUENTRA A PERSONA EXTRAVIADA EN PARQUE NACIONAL TORRES DEL PAINE"},"content":{"rendered":"\n<p>En\nhoras de la madrugada del jueves 11 de marzo de 2021, se extrav\u00eda en el sector\nde Lago Dickson, un trabajador de las obras del refugio Dickson, en el interior\ndel Parque Nacional Torres del Paine. Pasado el mediod\u00eda, Conaf se contact\u00f3 con\nla avanzada de Carabineros en Torres del Paine, tipificando esta situaci\u00f3n como\npresunta desgracia.<\/p>\n\n\n\n<p>Respecto\na las acciones tomadas, el Gobernador (s) de \u00daltima Esperanza, Marco Mella,\nse\u00f1al\u00f3 \u201cse realizaron coordinaciones con Carabineros, Onemi, Conaf y la empresa\nconstructora, activ\u00e1ndose todos los recursos que fueran necesarios\u201d.<\/p>\n\n\n\n<p>Por lo\nanterior, en horas de la tarde del jueves, Conaf organiz\u00f3 una b\u00fasqueda que\ncontempl\u00f3 a 15 personas quienes se desplegaron para realizar las faenas que\npermitieran dar con el desaparecido, estas personas corresponden a personal de\nConaf y trabajadores de la empresa a la cual presta servicios la persona\nextraviada, no obteniendo resultados. Con la finalidad de potenciar las labores\nen este lugar, caracterizado por su dif\u00edcil acceso, funcionarios de Carabineros\nde Chile se desplazaron hacia el Parque Nacional. <\/p>\n\n\n\n<p>Durante\nla ma\u00f1ana del viernes 12 de marzo, personal apostado en el Parque, inici\u00f3 la marcha\nhacia el sector de Ser\u00f3n, alcanzando finalmente a la persona extraviada, quien\nse encuentra en buen estado de salud, con alguna heridas y signos de\ndeshidrataci\u00f3n.<\/p>\n\n\n\n<p>En\nrelaci\u00f3n a esta situaci\u00f3n, el Subcomisario de los Servicios de la 2da Comisar\u00eda\nde Puerto Natales, Teniente Arturo Alvarado, coment\u00f3 \u201cla persona fue ubicada en\nel sector del sendero Ser\u00f3n por el equipo de alta monta\u00f1a de Carabineros de\nChile que se encontraba efectuando labores de b\u00fasqueda en el sector\u201d.<\/p>\n\n\n\n<p>A\npartir de esto, Carabineros estabiliz\u00f3 a la persona para posteriormente\ntrasladarlo al ret\u00e9n de Torres del Paine, donde lleg\u00f3 personal de Samu de Cerro\nCastillo quienes llevaron rumbo al Hospital de Puerto Natales, continuando as\u00ed\ncon el procedimiento establecido para estos casos.<\/p>\n","protected":false},"excerpt":{"rendered":"<p>En horas de la madrugada del jueves 11 de marzo de 2021, se extrav\u00eda en el sector de Lago Dickson, un trabajador de las obras del refugio Dickson, en el&#8230; <a class=\"read-more\" href=\"https:\/\/www.radiopresidenteibanez.cl\/web\/personal-de-rescate-de-carabineros-encuentra-a-persona-extraviada-en-parque-nacional-torres-del-paine\/\">Leer m\u00e1s<\/a><\/p>\n","protected":false},"author":2,"featured_media":19208,"comment_status":"closed","ping_status":"closed","sticky":false,"template":"","format":"standard","meta":{"footnotes":""},"categories":[1],"tags":[],"class_list":["post-19207","post","type-post","status-publish","format-standard","has-post-thumbnail","hentry","category-cronica"],"_links":{"self":[{"href":"https:\/\/www.radiopresidenteibanez.cl\/web\/wp-json\/wp\/v2\/posts\/19207","targetHints":{"allow":["GET"]}}],"collection":[{"href":"https:\/\/www.radiopresidenteibanez.cl\/web\/wp-json\/wp\/v2\/posts"}],"about":[{"href":"https:\/\/www.radiopresidenteibanez.cl\/web\/wp-json\/wp\/v2\/types\/post"}],"author":[{"embeddable":true,"href":"https:\/\/www.radiopresidenteibanez.cl\/web\/wp-json\/wp\/v2\/users\/2"}],"replies":[{"embeddable":true,"href":"https:\/\/www.radiopresidenteibanez.cl\/web\/wp-json\/wp\/v2\/comments?post=19207"}],"version-history":[{"count":0,"href":"https:\/\/www.radiopresidenteibanez.cl\/web\/wp-json\/wp\/v2\/posts\/19207\/revisions"}],"wp:featuredmedia":[{"embeddable":true,"href":"https:\/\/www.radiopresidenteibanez.cl\/web\/wp-json\/wp\/v2\/media\/19208"}],"wp:attachment":[{"href":"https:\/\/www.radiopresidenteibanez.cl\/web\/wp-json\/wp\/v2\/media?parent=19207"}],"wp:term":[{"taxonomy":"category","embeddable":true,"href":"https:\/\/www.radiopresidenteibanez.cl\/web\/wp-json\/wp\/v2\/categories?post=19207"},{"taxonomy":"post_tag","embeddable":true,"href":"https:\/\/www.radiopresidenteibanez.cl\/web\/wp-json\/wp\/v2\/tags?post=19207"}],"curies":[{"name":"wp","href":"https:\/\/api.w.org\/{rel}","templated":true}]}}