{"id":19205,"date":"2021-03-13T04:00:00","date_gmt":"2021-03-13T04:00:00","guid":{"rendered":"https:\/\/www.radiopresidenteibanez.cl\/web\/?p=19205"},"modified":"2021-03-12T18:50:26","modified_gmt":"2021-03-12T18:50:26","slug":"magallanes-incorpora-cuarto-laboratorio-de-biologia-molecular","status":"publish","type":"post","link":"https:\/\/www.radiopresidenteibanez.cl\/web\/magallanes-incorpora-cuarto-laboratorio-de-biologia-molecular\/","title":{"rendered":"MAGALLANES INCORPORA CUARTO  LABORATORIO DE BIOLOG\u00cdA MOLECULAR"},"content":{"rendered":"\n<p>Gracias a una alianza p\u00fablico-privada, en las\n\u00faltimas semanas la Regi\u00f3n de Magallanes cuenta con un cuarto laboratorio para\nel an\u00e1lisis de muestras SARS-CoV-2. <\/p>\n\n\n\n<p>La incorporaci\u00f3n del Laboratorio Magallanes\n(ubicado en Punta Arenas, espec\u00edficamente en la Cruz Roja), constituye un hito\npara la regi\u00f3n y va en directo beneficio de la comunidad. Esto permitir\u00e1 que la\nregi\u00f3n pueda analizar m\u00e1s de 1.160 muestras diarias de PCR, constituyendo un\ngran paso para una zona que, en principio, no contaba con este tipo de\nan\u00e1lisis.&nbsp; <\/p>\n\n\n\n<p><strong>La puesta en\nmarcha<\/strong><\/p>\n\n\n\n<p>El Tecn\u00f3logo M\u00e9dico y gerente del Laboratorio\nMagallanes SPA, Rolando Matic, manifest\u00f3 que el haber realizado el proceso de\ncertificaci\u00f3n de registro del Instituto de Salud P\u00fablica y la validaci\u00f3n de la\nPlataforma Nacional de Toma de Muestra para la detecci\u00f3n de pruebas PCR, permiti\u00f3\nlograr la importante alianza. <\/p>\n\n\n\n<p>\u201cEsto nos hace muy felices porque podemos aportar desde\nun espectro privado a toda esta problem\u00e1tica de salud p\u00fablica que nos afecta.\nEl equipo tiene una capacidad para cruzar entre 100 y 200 muestras diarias y en\ngeneral tenemos un proceso de validaci\u00f3n de resultados que permite entregarlos\nen un plazo entre 6 y 12 horas aproximadamente\u201d, coment\u00f3 Matic. <\/p>\n\n\n\n<p><strong>Total autonom\u00eda<\/strong><\/p>\n\n\n\n<p>Para el Tecn\u00f3logo M\u00e9dico y Coordinador de\nLaboratorios COVID-19 Magallanes del SSM, Andr\u00e9s Oval, la suma de este nuevo\nlaboratorio aportar\u00e1 mayor capacidad en el an\u00e1lisis de muestras en la regi\u00f3n. <\/p>\n\n\n\n<p>\u201cEsto ha significado tener mucha m\u00e1s autonom\u00eda y\nrefuerza la relaci\u00f3n p\u00fablica-privada ya que en un principio nosotros apoyamos\nsu l\u00ednea de trabajo con nuestros laboratorios p\u00fablicos y ahora, el Laboratorio\nMagallanes tiene una capacidad de an\u00e1lisis de muestras que, eventualmente\npodr\u00edamos ocupar\u201d, destaca el profesional del SSM. <\/p>\n\n\n\n<p>Hasta el \u00faltimo corte, los laboratorios de la\nregi\u00f3n han analizado m\u00e1s de 154 mil muestras de PCR, siendo el CADI-UMAG el que\nha tenido mayores resultados debido a su capacidad de muestras, sin dejar atr\u00e1s\nel aporte que realizan los otros establecimientos de HCM, Hospital de Natales y\nla nueva incorporaci\u00f3n, el Laboratorio Magallanes. <\/p>\n","protected":false},"excerpt":{"rendered":"<p>Gracias a una alianza p\u00fablico-privada, en las \u00faltimas semanas la Regi\u00f3n de Magallanes cuenta con un cuarto laboratorio para el an\u00e1lisis de muestras SARS-CoV-2. La incorporaci\u00f3n del Laboratorio Magallanes (ubicado&#8230; <a class=\"read-more\" href=\"https:\/\/www.radiopresidenteibanez.cl\/web\/magallanes-incorpora-cuarto-laboratorio-de-biologia-molecular\/\">Leer m\u00e1s<\/a><\/p>\n","protected":false},"author":2,"featured_media":14062,"comment_status":"closed","ping_status":"closed","sticky":false,"template":"","format":"standard","meta":{"footnotes":""},"categories":[1],"tags":[],"class_list":["post-19205","post","type-post","status-publish","format-standard","has-post-thumbnail","hentry","category-cronica"],"_links":{"self":[{"href":"https:\/\/www.radiopresidenteibanez.cl\/web\/wp-json\/wp\/v2\/posts\/19205","targetHints":{"allow":["GET"]}}],"collection":[{"href":"https:\/\/www.radiopresidenteibanez.cl\/web\/wp-json\/wp\/v2\/posts"}],"about":[{"href":"https:\/\/www.radiopresidenteibanez.cl\/web\/wp-json\/wp\/v2\/types\/post"}],"author":[{"embeddable":true,"href":"https:\/\/www.radiopresidenteibanez.cl\/web\/wp-json\/wp\/v2\/users\/2"}],"replies":[{"embeddable":true,"href":"https:\/\/www.radiopresidenteibanez.cl\/web\/wp-json\/wp\/v2\/comments?post=19205"}],"version-history":[{"count":0,"href":"https:\/\/www.radiopresidenteibanez.cl\/web\/wp-json\/wp\/v2\/posts\/19205\/revisions"}],"wp:featuredmedia":[{"embeddable":true,"href":"https:\/\/www.radiopresidenteibanez.cl\/web\/wp-json\/wp\/v2\/media\/14062"}],"wp:attachment":[{"href":"https:\/\/www.radiopresidenteibanez.cl\/web\/wp-json\/wp\/v2\/media?parent=19205"}],"wp:term":[{"taxonomy":"category","embeddable":true,"href":"https:\/\/www.radiopresidenteibanez.cl\/web\/wp-json\/wp\/v2\/categories?post=19205"},{"taxonomy":"post_tag","embeddable":true,"href":"https:\/\/www.radiopresidenteibanez.cl\/web\/wp-json\/wp\/v2\/tags?post=19205"}],"curies":[{"name":"wp","href":"https:\/\/api.w.org\/{rel}","templated":true}]}}