{"id":19202,"date":"2021-03-13T03:45:00","date_gmt":"2021-03-13T03:45:00","guid":{"rendered":"https:\/\/www.radiopresidenteibanez.cl\/web\/?p=19202"},"modified":"2021-03-12T18:48:26","modified_gmt":"2021-03-12T18:48:26","slug":"minvu-ejecutara-9-kilometros-de-calles-con-el-trigesimo-llamado-a-pavimentacion-participativa-en-magallanes","status":"publish","type":"post","link":"https:\/\/www.radiopresidenteibanez.cl\/web\/minvu-ejecutara-9-kilometros-de-calles-con-el-trigesimo-llamado-a-pavimentacion-participativa-en-magallanes\/","title":{"rendered":"MINVU EJECUTAR\u00c1 9 KIL\u00d3METROS DE CALLES CON EL TRIG\u00c9SIMO LLAMADO A PAVIMENTACI\u00d3N PARTICIPATIVA EN MAGALLANES"},"content":{"rendered":"\n<p>Durante una visita inspectiva a las obras del pasaje Esteban Robles en el sector Sur de Punta Arenas, el&nbsp;<strong>seremi de Vivienda y Urbanismo de Magallanes<\/strong>,&nbsp;<strong>Jos\u00e9 Miguel Horcos Guarachi<\/strong>, destac\u00f3 la nueva selecci\u00f3n de proyectos de Pavimentaci\u00f3n Participativa, correspondientes al trig\u00e9simo llamado de dicho programa para las comunas de Punta Arenas, Porvenir y Primavera.<\/p>\n\n\n\n<p>De acuerdo a los informado por el titular de la cartera, \u201cestuvimos inspeccionando la calidad de la pavimentaci\u00f3n en distintos puntos de la ciudad y adem\u00e1s tenemos buenas noticias, porque ya contamos con la selecci\u00f3n del llamado N\u00ba 30 del Programa de Pavimentaci\u00f3n Participativa, donde salieron beneficiadas estas tres comunas de la regi\u00f3n. Esto es muy importante, ya que la inversi\u00f3n sectorial asciende a m\u00e1s de $4.700 millones de pesos y dada la situaci\u00f3n sanitaria, no se le ha cobrado a las municipalidades ni a los comit\u00e9s de pavimentaci\u00f3n\u201d.<\/p>\n\n\n\n<p>En total son m\u00e1s de 20 proyectos presentados por las comunas citadas, implicando 40 tramos de calles, pasajes y veredas que se ejecutar\u00e1n por espacio de dos a\u00f1os, beneficiando directamente a m\u00e1s de 400 familias en la regi\u00f3n, contribuyendo con las inversiones al Plan de Recuperaci\u00f3n Econ\u00f3mica y Social impulsado por el Gobierno, generando cerca de 100 puestos de trabajo estables durante el per\u00edodo que duran las obras.<\/p>\n\n\n\n<p>En este sentido, el&nbsp;<strong>Ministro de Vivienda y Urbanismo, Felipe Ward<\/strong>, destac\u00f3 que \u201cA trav\u00e9s de nuestro programa en Magallanes, hemos mejorado el est\u00e1ndar peatonal y vehicular, pavimentando en todas las provincias y mejorando la conectividad de miles de familias. Este 2021 seguiremos trabajando con fuerza en la construcci\u00f3n y mejoramiento de infraestructura urbana que mejore la claidad de vida de las personas; por lo que estamos muy contentos por esta gran inversi\u00f3n en el marco del Plan de Recuperaci\u00f3n Econ\u00f3mica y Social liderada por el Presidente Sebasti\u00e1n Pi\u00f1era\u201d.<\/p>\n\n\n\n<p>En tanto, con el actual llamado 29 en ejecuci\u00f3n, que promedia un avance cercano al 30% debido a las condiciones sanitarias, ya se est\u00e1 favoreciendo a otras 400 familias magall\u00e1nicas, considerando cerca de 7 kil\u00f3metros de pavimentos en 37 tramos de calles, pasajes y aceras en Punta Arenas, Natales, Porvenir y R\u00edo Verde. En Punta Arenas, las obras se han centrado principalmente en Pasaje Santiago, Esteban Robles, Alberto Fuentes, G\u00f3mez Carre\u00f1o, Justo de la Rivera, Julio Carvallo, General Del Canto, Ram\u00f3n Freire, Francisco Antonio Pinto y Jos\u00e9 Vel\u00e1squez, entre otras.<\/p>\n","protected":false},"excerpt":{"rendered":"<p>Durante una visita inspectiva a las obras del pasaje Esteban Robles en el sector Sur de Punta Arenas, el&nbsp;seremi de Vivienda y Urbanismo de Magallanes,&nbsp;Jos\u00e9 Miguel Horcos Guarachi, destac\u00f3 la&#8230; <a class=\"read-more\" href=\"https:\/\/www.radiopresidenteibanez.cl\/web\/minvu-ejecutara-9-kilometros-de-calles-con-el-trigesimo-llamado-a-pavimentacion-participativa-en-magallanes\/\">Leer m\u00e1s<\/a><\/p>\n","protected":false},"author":2,"featured_media":19203,"comment_status":"closed","ping_status":"closed","sticky":false,"template":"","format":"standard","meta":{"footnotes":""},"categories":[1],"tags":[],"class_list":["post-19202","post","type-post","status-publish","format-standard","has-post-thumbnail","hentry","category-cronica"],"_links":{"self":[{"href":"https:\/\/www.radiopresidenteibanez.cl\/web\/wp-json\/wp\/v2\/posts\/19202","targetHints":{"allow":["GET"]}}],"collection":[{"href":"https:\/\/www.radiopresidenteibanez.cl\/web\/wp-json\/wp\/v2\/posts"}],"about":[{"href":"https:\/\/www.radiopresidenteibanez.cl\/web\/wp-json\/wp\/v2\/types\/post"}],"author":[{"embeddable":true,"href":"https:\/\/www.radiopresidenteibanez.cl\/web\/wp-json\/wp\/v2\/users\/2"}],"replies":[{"embeddable":true,"href":"https:\/\/www.radiopresidenteibanez.cl\/web\/wp-json\/wp\/v2\/comments?post=19202"}],"version-history":[{"count":0,"href":"https:\/\/www.radiopresidenteibanez.cl\/web\/wp-json\/wp\/v2\/posts\/19202\/revisions"}],"wp:featuredmedia":[{"embeddable":true,"href":"https:\/\/www.radiopresidenteibanez.cl\/web\/wp-json\/wp\/v2\/media\/19203"}],"wp:attachment":[{"href":"https:\/\/www.radiopresidenteibanez.cl\/web\/wp-json\/wp\/v2\/media?parent=19202"}],"wp:term":[{"taxonomy":"category","embeddable":true,"href":"https:\/\/www.radiopresidenteibanez.cl\/web\/wp-json\/wp\/v2\/categories?post=19202"},{"taxonomy":"post_tag","embeddable":true,"href":"https:\/\/www.radiopresidenteibanez.cl\/web\/wp-json\/wp\/v2\/tags?post=19202"}],"curies":[{"name":"wp","href":"https:\/\/api.w.org\/{rel}","templated":true}]}}