{"id":19199,"date":"2021-03-14T03:45:00","date_gmt":"2021-03-14T03:45:00","guid":{"rendered":"https:\/\/www.radiopresidenteibanez.cl\/web\/?p=19199"},"modified":"2021-03-12T18:46:19","modified_gmt":"2021-03-12T18:46:19","slug":"continuan-postulaciones-para-programa-mujeres-jefas-de-hogar-de-sernameg-magallanes","status":"publish","type":"post","link":"https:\/\/www.radiopresidenteibanez.cl\/web\/continuan-postulaciones-para-programa-mujeres-jefas-de-hogar-de-sernameg-magallanes\/","title":{"rendered":"CONTIN\u00daAN POSTULACIONES PARA PROGRAMA MUJERES JEFAS DE HOGAR DE SERNAMEG MAGALLANES"},"content":{"rendered":"\n<p>Es uno de los programas emblem\u00e1ticos del\nServicio Nacional de la Mujer y la Equidad de G\u00e9nero, tambi\u00e9n uno de los m\u00e1s\nqueridos por las usuarias que van desde los 18 hasta los 65 a\u00f1os. De hecho, la\npandemia no fue una barrera para que el a\u00f1o pasado, m\u00e1s 22 mil mujeres a nivel\nnacional se capacitaran a trav\u00e9s de la entrega de herramientas que les permitan\ngenerar y gestionar ingresos y recursos propios a partir del trabajo\nremunerado, el acceso a la oferta p\u00fablica y de oportunidades de conciliaci\u00f3n\ntrabajo remunerado, dom\u00e9stico y de cuidados.<\/p>\n\n\n\n<p>En la regi\u00f3n, el programa es ejecutado a\ntrav\u00e9s de la Gobernaci\u00f3n de Magallanes y la Ilustre Municipalidad de Natales,\nquienes totalizan este a\u00f1o 202 cupos destinados a las comunas de Punta Arenas y\nPuerto Natales. A trav\u00e9s de un modelo de intervenci\u00f3n integral, reconociendo\nlas diversas brechas que las mujeres jefas de hogar enfrentan, el Programa hace\n\u00e9nfasis en el desarrollo y fortalecimiento de condiciones para el\nempoderamiento, empleabilidad (en actividades econ\u00f3micas dependientes o\nindependientes) y acceso a servicios que mejoran las competencias y calidad de\nvida de las mujeres participantes.<\/p>\n\n\n\n<p>Al respecto, la Directora Regional del\nSernamEG, Fabiola Garc\u00eda Pinto, se\u00f1al\u00f3 \u201ccon este programa buscamos empoderar a\nlas mujeres para lograr la autonom\u00eda econ\u00f3mica que les permita insertarse\nlaboralmente y aportar con sus competencias y habilidades al desarrollo del\npa\u00eds. Es importante que tengan en consideraci\u00f3n que se han tomado todas las\nmedidas sanitarias y nuestros equipos comunales han hecho un gran trabajo\nadapt\u00e1ndose a esta situaci\u00f3n de crisis\u201d.<\/p>\n\n\n\n<p>Cade destacar adem\u00e1s, que este programa cuenta\ncon una alianza estrat\u00e9gica con Enap Magallanes que considera la inscripci\u00f3n\npreferente en cursos de capacitaci\u00f3n, y que el a\u00f1o 2020 signific\u00f3 la\nespecializaci\u00f3n de 575 mujeres en 45 cursos desarrollados en tem\u00e1ticas como artesan\u00eda,\nmarketing digital, ingl\u00e9s b\u00e1sico y tur\u00edstico, reposter\u00eda navide\u00f1a, entre\notros.&nbsp; <\/p>\n\n\n\n<p>\u00abComo SernamEG agradecemos esta alianza\nvirtuosa que hemos formado con ENAP Magallanes, quienes a trav\u00e9s de su \u00c1rea de\nResponsabilidad Social Empresarial continuamente han estado apoyando a las\nmujeres participantes de nuestros programas con cursos y talleres para adquirir\nherramientas que le permitan integrarse al mundo laboral, y esperamos seguir\nfortaleciendo esta alianza tan importante considerando la actual contingencia\nsanitaria y que signific\u00f3 una baja en la tasa de inserci\u00f3n laboral femenina\u201d.<br><\/p>\n\n\n\n<p>\u00bf<strong>C\u00f3mo postular?<\/strong><\/p>\n\n\n\n<p>Quienes deseen participar deben\nllenar una Ficha de pre-inscripci\u00f3n disponible en: <a href=\"https:\/\/app.sernam.cl\/form\/2021\/mjh\/postula\/\">https:\/\/app.sernam.cl\/form\/2021\/mjh\/postula\/<\/a> tras lo cual ser\u00e1n contactadas\ntelef\u00f3nicamente para llenar la Ficha de Postulaci\u00f3n y finalmente, tras el cierre\nde la convocatoria, informarles si han sido seleccionadas para ser parte del Programa\nMujeres Jefas de Hogar en las comunas de Punta Arenas y Puerto Natales. Para\nm\u00e1s informaci\u00f3n tambi\u00e9n pueden contactarse al correo: mmadrid@sernameg.gob.cl,\no a trav\u00e9s del Fanpage de Facebook: <a href=\"https:\/\/www.facebook.com\/SernamEGMagallanes\/\">SernamEG Magallanes<\/a>.<\/p>\n\n\n\n<p><strong>Requisitos<\/strong><\/p>\n\n\n\n<ul class=\"wp-block-list\"><li>Tener entre 18 y 65 a\u00f1os de\nedad.<\/li><li>Ser Jefa de Hogar: se entiende\npor jefa de hogar la mujer que es econ\u00f3micamente activa, tiene\nresponsabilidades familiares y es el principal sustento econ\u00f3mico del hogar. Se\nincluir\u00e1, adem\u00e1s, a las mujeres que est\u00e1n en la condici\u00f3n de \u201ctrabajadora jefa\nde n\u00facleo secundario\u201d (mujer econ\u00f3micamente activa que vive al interior de un\nhogar que tiene un jefe o jefa distinto a ella, pero con su aporte econ\u00f3mico\nmantiene cargas familiares de su n\u00facleo).<\/li><li>Pertenecer a los tres primeros\nquintiles de ingreso.<\/li><li>Ser econ\u00f3micamente activa:\nestar trabajando de manera dependiente, independiente o buscando trabajo. <\/li><li>Vivir o trabajar en las\ncomunas donde se implementa el programa.<\/li><li>No haber sido participante del\nPrograma Mujeres Jefas de Hogar en los \u00faltimos 3 a\u00f1os.<\/li><\/ul>\n","protected":false},"excerpt":{"rendered":"<p>Es uno de los programas emblem\u00e1ticos del Servicio Nacional de la Mujer y la Equidad de G\u00e9nero, tambi\u00e9n uno de los m\u00e1s queridos por las usuarias que van desde los&#8230; <a class=\"read-more\" href=\"https:\/\/www.radiopresidenteibanez.cl\/web\/continuan-postulaciones-para-programa-mujeres-jefas-de-hogar-de-sernameg-magallanes\/\">Leer m\u00e1s<\/a><\/p>\n","protected":false},"author":2,"featured_media":19200,"comment_status":"closed","ping_status":"closed","sticky":false,"template":"","format":"standard","meta":{"footnotes":""},"categories":[1],"tags":[],"class_list":["post-19199","post","type-post","status-publish","format-standard","has-post-thumbnail","hentry","category-cronica"],"_links":{"self":[{"href":"https:\/\/www.radiopresidenteibanez.cl\/web\/wp-json\/wp\/v2\/posts\/19199","targetHints":{"allow":["GET"]}}],"collection":[{"href":"https:\/\/www.radiopresidenteibanez.cl\/web\/wp-json\/wp\/v2\/posts"}],"about":[{"href":"https:\/\/www.radiopresidenteibanez.cl\/web\/wp-json\/wp\/v2\/types\/post"}],"author":[{"embeddable":true,"href":"https:\/\/www.radiopresidenteibanez.cl\/web\/wp-json\/wp\/v2\/users\/2"}],"replies":[{"embeddable":true,"href":"https:\/\/www.radiopresidenteibanez.cl\/web\/wp-json\/wp\/v2\/comments?post=19199"}],"version-history":[{"count":0,"href":"https:\/\/www.radiopresidenteibanez.cl\/web\/wp-json\/wp\/v2\/posts\/19199\/revisions"}],"wp:featuredmedia":[{"embeddable":true,"href":"https:\/\/www.radiopresidenteibanez.cl\/web\/wp-json\/wp\/v2\/media\/19200"}],"wp:attachment":[{"href":"https:\/\/www.radiopresidenteibanez.cl\/web\/wp-json\/wp\/v2\/media?parent=19199"}],"wp:term":[{"taxonomy":"category","embeddable":true,"href":"https:\/\/www.radiopresidenteibanez.cl\/web\/wp-json\/wp\/v2\/categories?post=19199"},{"taxonomy":"post_tag","embeddable":true,"href":"https:\/\/www.radiopresidenteibanez.cl\/web\/wp-json\/wp\/v2\/tags?post=19199"}],"curies":[{"name":"wp","href":"https:\/\/api.w.org\/{rel}","templated":true}]}}