{"id":19196,"date":"2021-03-14T03:30:00","date_gmt":"2021-03-14T03:30:00","guid":{"rendered":"https:\/\/www.radiopresidenteibanez.cl\/web\/?p=19196"},"modified":"2021-03-12T18:44:20","modified_gmt":"2021-03-12T18:44:20","slug":"atf-67-lautaro-regresa-desde-el-territorio-antartico-chileno-tras-haber-alcanzado-el-circulo-polar","status":"publish","type":"post","link":"https:\/\/www.radiopresidenteibanez.cl\/web\/atf-67-lautaro-regresa-desde-el-territorio-antartico-chileno-tras-haber-alcanzado-el-circulo-polar\/","title":{"rendered":"ATF 67 \u201cLAUTARO\u201d REGRESA DESDE EL TERRITORIO ANT\u00c1RTICO CHILENO TRAS HABER ALCANZADO EL C\u00cdRCULO POLAR"},"content":{"rendered":"\n<p>En el marco de la Campa\u00f1a Ant\u00e1rtica 2020-2021, y tras m\u00e1s de\nun mes de navegaci\u00f3n en las aguas del Territorio Ant\u00e1rtico Chileno, recal\u00f3 a\nprincipios de marzo en puerto base el ATF 67 \u201cLautaro\u201d.<\/p>\n\n\n\n<p>De esta manera la Unidad, naveg\u00f3 2.757 millas n\u00e1uticas,\nequivalente a m\u00e1s de 4.962 kil\u00f3metros, durante&nbsp;\n37 d\u00edas, bajo condiciones meteorol\u00f3gicas adversas en uno de las zonas\nm\u00e1s aisladas e inh\u00f3spitas del planeta.<\/p>\n\n\n\n<p>La Unidad cumpli\u00f3 diferentes tareas,&nbsp; entre ellas patrullajes, vigilancia y control\noce\u00e1nico en el marco de la Patrulla Ant\u00e1rtica Naval Combinada, estando\npreparada para tareas de b\u00fasqueda, rescate y salvamento; preparaciones para\ntareas de control de la contaminaci\u00f3n; as\u00ed como tareas de apoyo a bases\nextranjeras, en cumplimiento de los diferentes tratados y protocolos vigentes\nen el continente ant\u00e1rtico.<\/p>\n\n\n\n<p>El \u201cLautaro\u201d ha participado en m\u00e1s de 40 comisiones\nant\u00e1rticas, siendo una de las Unidades actualmente en servicio con m\u00e1s\nexperiencia en el Territorio Ant\u00e1rtico Chileno, desarrollando tareas que van en\nconcordancia a las \u00e1reas de misi\u00f3n de la Instituci\u00f3n como es la contribuci\u00f3n a\nla Seguridad e Intereses Mar\u00edtimos, al Desarrollo Nacional y presencia del\nEstado, as\u00ed como a la Cooperaci\u00f3n Internacional.<\/p>\n\n\n\n<p>Entre las labores realizadas se realiz\u00f3 apoyo log\u00edstico a la\ncomisi\u00f3n de especialistas, como los cient\u00edficos de la Base Ant\u00e1rtica Checa\n\u201cJohann Gregor Mendel\u201d para el desempe\u00f1o de labores, as\u00ed como de miembros del\nDepartamento de Sismolog\u00eda de la Universidad de Chile, brind\u00e1ndole transporte y\nsoporte en sus operaciones, las cuales involucraban la instalaci\u00f3n de\nsism\u00f3grafos en la Base A\u00e9rea Ant\u00e1rtica \u201cPresidente Eduardo Frei\u201d y en la Base\nNaval Ant\u00e1rtica \u201cArturo Prat\u201d, herramientas fundamentales para el registro de\ndatos nutriendo a la red de sismolog\u00eda nacional.<\/p>\n\n\n\n<p>El Comandante del ATF 67 \u201cLautaro\u201d, Capit\u00e1n de Corbeta Ram\u00f3n\nGonz\u00e1lez, explic\u00f3 que \u201cdentro de las faenas desarrolladas, se realiz\u00f3 entrega\nde v\u00edveres y combustible a las bases nacionales que permanecen en operaci\u00f3n en\nel Territorio Chileno Ant\u00e1rtico, as\u00ed como tambi\u00e9n apoyo a bases extranjeras,\ncomo es el caso de la Base \u201cPedro Vicente Maldonado\u201d de Ecuador, y la Base\nCient\u00edfica Ant\u00e1rtica \u201cArtigas\u201d de Uruguay\u201d.<\/p>\n\n\n\n<p>Dentro de las tareas desarrolladas por la Unidad, cumpliendo\ncon diferentes tratados y protocolos vigentes, se procedi\u00f3 con el retiro de\ndesechos de las bases en operaci\u00f3n, contribuyendo a la mantenci\u00f3n del medio\nambiente ant\u00e1rtico.<\/p>\n\n\n\n<p>En el cumplimiento de las labores de la Patrulla Naval\nCombinada, la cual se realiza en coordinaci\u00f3n con la Rep\u00fablica Argentina en\nper\u00edodos de tiempo intercalados, &nbsp;el\nCapit\u00e1n de Corbeta Ram\u00f3n Gonz\u00e1lez coment\u00f3 que \u201cpor segunda vez en la historia\ndel ATF 67 \u201cLautaro\u201d se alcanz\u00f3 la latitud 66\u00b033\u00b446\u201d Sur, por canales\ninteriores de muy dif\u00edcil navegaci\u00f3n, alcanzando de esta manera el C\u00edrculo\nPolar Ant\u00e1rtico, donde se deben realizar patrullajes considerando la presencia\nde buques de la Armada de Chile en este lugar\u201d.<\/p>\n\n\n\n<p>La Campa\u00f1a Ant\u00e1rtica 2020-2021 contin\u00faa desarroll\u00e1ndose,\ncumpliendo con los protocolos especiales dado el actual contexto de emergencia\nsanitaria, cumpliendo la Armada de Chile con importantes tareas de soporte\nlog\u00edstico, aportando en forma decisiva al desarrollo nacional y presencia del\nEstado en el Territorio Chileno Ant\u00e1rtico.<\/p>\n","protected":false},"excerpt":{"rendered":"<p>En el marco de la Campa\u00f1a Ant\u00e1rtica 2020-2021, y tras m\u00e1s de un mes de navegaci\u00f3n en las aguas del Territorio Ant\u00e1rtico Chileno, recal\u00f3 a principios de marzo en puerto&#8230; <a class=\"read-more\" href=\"https:\/\/www.radiopresidenteibanez.cl\/web\/atf-67-lautaro-regresa-desde-el-territorio-antartico-chileno-tras-haber-alcanzado-el-circulo-polar\/\">Leer m\u00e1s<\/a><\/p>\n","protected":false},"author":2,"featured_media":19197,"comment_status":"closed","ping_status":"closed","sticky":false,"template":"","format":"standard","meta":{"footnotes":""},"categories":[1],"tags":[],"class_list":["post-19196","post","type-post","status-publish","format-standard","has-post-thumbnail","hentry","category-cronica"],"_links":{"self":[{"href":"https:\/\/www.radiopresidenteibanez.cl\/web\/wp-json\/wp\/v2\/posts\/19196","targetHints":{"allow":["GET"]}}],"collection":[{"href":"https:\/\/www.radiopresidenteibanez.cl\/web\/wp-json\/wp\/v2\/posts"}],"about":[{"href":"https:\/\/www.radiopresidenteibanez.cl\/web\/wp-json\/wp\/v2\/types\/post"}],"author":[{"embeddable":true,"href":"https:\/\/www.radiopresidenteibanez.cl\/web\/wp-json\/wp\/v2\/users\/2"}],"replies":[{"embeddable":true,"href":"https:\/\/www.radiopresidenteibanez.cl\/web\/wp-json\/wp\/v2\/comments?post=19196"}],"version-history":[{"count":0,"href":"https:\/\/www.radiopresidenteibanez.cl\/web\/wp-json\/wp\/v2\/posts\/19196\/revisions"}],"wp:featuredmedia":[{"embeddable":true,"href":"https:\/\/www.radiopresidenteibanez.cl\/web\/wp-json\/wp\/v2\/media\/19197"}],"wp:attachment":[{"href":"https:\/\/www.radiopresidenteibanez.cl\/web\/wp-json\/wp\/v2\/media?parent=19196"}],"wp:term":[{"taxonomy":"category","embeddable":true,"href":"https:\/\/www.radiopresidenteibanez.cl\/web\/wp-json\/wp\/v2\/categories?post=19196"},{"taxonomy":"post_tag","embeddable":true,"href":"https:\/\/www.radiopresidenteibanez.cl\/web\/wp-json\/wp\/v2\/tags?post=19196"}],"curies":[{"name":"wp","href":"https:\/\/api.w.org\/{rel}","templated":true}]}}