{"id":19190,"date":"2021-03-14T03:30:00","date_gmt":"2021-03-14T03:30:00","guid":{"rendered":"https:\/\/www.radiopresidenteibanez.cl\/web\/?p=19190"},"modified":"2021-03-12T15:51:08","modified_gmt":"2021-03-12T15:51:08","slug":"presidente-regional-de-la-udi-magallanes-senalo-que-la-unidad-y-trabajo-de-chile-vamos-sera-la-clave-para-lograr-los-grandes-desafios","status":"publish","type":"post","link":"https:\/\/www.radiopresidenteibanez.cl\/web\/presidente-regional-de-la-udi-magallanes-senalo-que-la-unidad-y-trabajo-de-chile-vamos-sera-la-clave-para-lograr-los-grandes-desafios\/","title":{"rendered":"PRESIDENTE REGIONAL DE LA UDI MAGALLANES SE\u00d1AL\u00d3 QUE LA \u201cUNIDAD Y TRABAJO DE CHILE VAMOS SER\u00c1 LA CLAVE PARA LOGRAR LOS GRANDES DESAF\u00cdOS\u201d"},"content":{"rendered":"\n<p>Con un encuentro de manera virtual debido a la\nsituaci\u00f3n sanitaria, Chile Vamos en Magallanes este 11 de marzo dio inicio\noficial a su campa\u00f1a con miras a las elecciones de concejales, alcaldes,\nconstituyentes y gobernadores en la regi\u00f3n.<\/p>\n\n\n\n<p>Al respecto, el presidente regional de la UDI\nFernando Paredes Mansilla se\u00f1al\u00f3 que el conglomerado tiene a sus mejores gentes\npara enfrentar esta campa\u00f1a, <em>\u201cEn este\nlanzamiento he realizado un llamado principalmente a la unidad, creo que es la\nclave y eso debemos acompa\u00f1arlo con mucho &nbsp;trabajo en los distintos territorios\u201d<\/em>.<\/p>\n\n\n\n<p>Sobre las elecciones de concejales y alcaldes\nse\u00f1al\u00f3 Paredes que el desaf\u00edo como partido es poder contar con un treinta y\ncincuenta por ciento respectivamente en todas las comunas de la regi\u00f3n. En\ntanto resalt\u00f3 que trabajaran fuertemente para trasformar como primera mayor\u00eda para\nconstituyente a Rodrigo \u00c1lvarez, <em>\u201cyo\nespero que \u00e9l pueda dar respuesta y sea capaz de&nbsp; abrazar los anhelos y necesidades que los\nhabitantes de Magallanes necesitan con un constituyentes y Rodrigo tiene todas\nlas condiciones y experiencias para enfrentar este tremendo desaf\u00edo\u201d<\/em>.<\/p>\n\n\n\n<p>Finalmente se\u00f1al\u00f3 que la gran carta y\nrepresentaci\u00f3n a gobernador regional est\u00e1 en Juan Jos\u00e9 Arcos indicando que al\nigual que las dem\u00e1s campa\u00f1as volcar\u00e1n sus fuerzas como partido y Chile Vamos\npara lograr obtener la representatividad de gobernador regional, manifestando\nque el gran patr\u00f3n para el \u00e9xito este 10 y 11 de abril ser\u00e1 la unidad y el\ntrabajo de todos los partidos que integran Chile Vamos.<\/p>\n","protected":false},"excerpt":{"rendered":"<p>Con un encuentro de manera virtual debido a la situaci\u00f3n sanitaria, Chile Vamos en Magallanes este 11 de marzo dio inicio oficial a su campa\u00f1a con miras a las elecciones&#8230; <a class=\"read-more\" href=\"https:\/\/www.radiopresidenteibanez.cl\/web\/presidente-regional-de-la-udi-magallanes-senalo-que-la-unidad-y-trabajo-de-chile-vamos-sera-la-clave-para-lograr-los-grandes-desafios\/\">Leer m\u00e1s<\/a><\/p>\n","protected":false},"author":2,"featured_media":19191,"comment_status":"closed","ping_status":"closed","sticky":false,"template":"","format":"standard","meta":{"footnotes":""},"categories":[1],"tags":[],"class_list":["post-19190","post","type-post","status-publish","format-standard","has-post-thumbnail","hentry","category-cronica"],"_links":{"self":[{"href":"https:\/\/www.radiopresidenteibanez.cl\/web\/wp-json\/wp\/v2\/posts\/19190","targetHints":{"allow":["GET"]}}],"collection":[{"href":"https:\/\/www.radiopresidenteibanez.cl\/web\/wp-json\/wp\/v2\/posts"}],"about":[{"href":"https:\/\/www.radiopresidenteibanez.cl\/web\/wp-json\/wp\/v2\/types\/post"}],"author":[{"embeddable":true,"href":"https:\/\/www.radiopresidenteibanez.cl\/web\/wp-json\/wp\/v2\/users\/2"}],"replies":[{"embeddable":true,"href":"https:\/\/www.radiopresidenteibanez.cl\/web\/wp-json\/wp\/v2\/comments?post=19190"}],"version-history":[{"count":0,"href":"https:\/\/www.radiopresidenteibanez.cl\/web\/wp-json\/wp\/v2\/posts\/19190\/revisions"}],"wp:featuredmedia":[{"embeddable":true,"href":"https:\/\/www.radiopresidenteibanez.cl\/web\/wp-json\/wp\/v2\/media\/19191"}],"wp:attachment":[{"href":"https:\/\/www.radiopresidenteibanez.cl\/web\/wp-json\/wp\/v2\/media?parent=19190"}],"wp:term":[{"taxonomy":"category","embeddable":true,"href":"https:\/\/www.radiopresidenteibanez.cl\/web\/wp-json\/wp\/v2\/categories?post=19190"},{"taxonomy":"post_tag","embeddable":true,"href":"https:\/\/www.radiopresidenteibanez.cl\/web\/wp-json\/wp\/v2\/tags?post=19190"}],"curies":[{"name":"wp","href":"https:\/\/api.w.org\/{rel}","templated":true}]}}