{"id":19187,"date":"2021-03-14T03:15:00","date_gmt":"2021-03-14T03:15:00","guid":{"rendered":"https:\/\/www.radiopresidenteibanez.cl\/web\/?p=19187"},"modified":"2021-03-12T15:37:27","modified_gmt":"2021-03-12T15:37:27","slug":"en-el-dia-contra-el-ciberacoso-mineduc-presenta-orientaciones-para-enfrentar-hostigamiento-virtual-vivido-en-pandemia","status":"publish","type":"post","link":"https:\/\/www.radiopresidenteibanez.cl\/web\/en-el-dia-contra-el-ciberacoso-mineduc-presenta-orientaciones-para-enfrentar-hostigamiento-virtual-vivido-en-pandemia\/","title":{"rendered":"EN EL D\u00cdA CONTRA EL CIBERACOSO: MINEDUC PRESENTA ORIENTACIONES PARA ENFRENTAR HOSTIGAMIENTO VIRTUAL VIVIDO EN PANDEMIA"},"content":{"rendered":"\n<p>Durante 2020 los escolares tuvieron que cambiar sus rutinas diarias debido a la pandemia y uno de los cambios m\u00e1s notorios fue tener que reemplazar las clases presenciales por clases remotas, lo que impact\u00f3 en un alza de las situaciones de acoso virtual, por lo que esta semana el Ministerio de Educaci\u00f3n envi\u00f3 a los establecimientos material con una serie de orientaciones para trabajar con estudiantes y apoderados.<\/p>\n\n\n\n<p>La pandemia aument\u00f3 la sobreexposici\u00f3n de los estudiantes a las pantallas, incrementando el riesgo de ciberacoso. Si antes de la pandemia 1 de cada 3 ni\u00f1os y ni\u00f1as pasaba m\u00e1s de seis horas conectado a pantallas despu\u00e9s de la jornada escolar, esa cifra se duplic\u00f3 durante la crisis sanitaria.<\/p>\n\n\n\n<p>\u201cEs importante que los escolares tengan espacios de encuentro f\u00edsico con sus compa\u00f1eros para desarrollar relaciones de apego y compa\u00f1erismo en el d\u00eda a d\u00eda, lo que se traduce en tener una sana convivencia escolar. No obstante, para enfrentar los efectos de la p\u00e9rdida de presencialidad del a\u00f1o pasado y el impacto de las clases remotas en aquellos ni\u00f1os que a\u00fan no pueden volver a sus escuelas, hemos entregado un kit socioemocional a todos los establecimientos que reciben recursos del Estado y orientaciones para que los profesores y directivos sepan c\u00f3mo actuar frente a situaciones de hostigamiento virtual que puedan estar viviendo sus estudiantes\u201d, explic\u00f3 el Jefe de la Divisi\u00f3n de Educaci\u00f3n General, Raimundo Larra\u00edn, en el marco del D\u00eda contra el ciberacoso, que se conmemora este a\u00f1o el 12 de marzo.<\/p>\n\n\n\n<p><strong>Orientaciones contra el ciberacoso<\/strong><\/p>\n\n\n\n<p>Las orientaciones entregadas a los colegios&nbsp;proponen tres actividades para trabajar con las comunidades educativas:<\/p>\n\n\n\n<p>&#8211; \u00bfC\u00f3mo ser un buen ciudadano digital?: Esta actividad plantea la revisi\u00f3n del dec\u00e1logo del buen ciudadano digital, con entretenidos videos para ver con los estudiantes.<\/p>\n\n\n\n<p>-Compromiso del buen ciudadano digital: Esta actividad propone que padres, apoderados y estudiantes alcancen un acuerdo sobre cu\u00e1nto tiempo pasar frente a las pantallas.<\/p>\n\n\n\n<p>-Socializar consejos de uso de internet con los apoderados: Esta actividad busca orientar a los padres sobre el uso de internet y sobre la interacci\u00f3n de sus hijos con ella. Por ejemplo, se recomienda a los apoderados no usar la tecnolog\u00eda como \u201cpacificadora\u201d para calmar a los ni\u00f1os, ya que ello es contraproducente con que sean capaces de manejar sus emociones.<\/p>\n\n\n\n<p>Estas orientaciones est\u00e1n disponibles en&nbsp;<a href=\"https:\/\/nam02.safelinks.protection.outlook.com\/?url=http%3A%2F%2Fconvivenciaescolar.mineduc.cl%2Fdia-contra-el-ciberacoso%2F&amp;data=04%7C01%7Cpaulina.fernandezh%40mineduc.cl%7Cba7855d75d1b4f7a0ba208d8e55d98dc%7C2e4cfe500580414093874ecde39def60%7C1%7C0%7C637511537457226959%7CUnknown%7CTWFpbGZsb3d8eyJWIjoiMC4wLjAwMDAiLCJQIjoiV2luMzIiLCJBTiI6Ik1haWwiLCJXVCI6Mn0%3D%7C1000&amp;sdata=oomQIjp5IxZ7DpFVMpew2q2c1EvbV6PWtJeCpvttVps%3D&amp;reserved=0\" target=\"_blank\" rel=\"noreferrer noopener\">http:\/\/convivenciaescolar.mineduc.cl\/dia-contra-el-ciberacoso\/<\/a><\/p>\n\n\n\n<p>Adicionalmente, el Ministerio de Educaci\u00f3n ha desarrollado dos plataformas web que abordan esta tem\u00e1tica. La primera es&nbsp;<a href=\"https:\/\/nam02.safelinks.protection.outlook.com\/?url=http%3A%2F%2Fwww.haypalabrasquematan.cl%2F&amp;data=04%7C01%7Cpaulina.fernandezh%40mineduc.cl%7Cba7855d75d1b4f7a0ba208d8e55d98dc%7C2e4cfe500580414093874ecde39def60%7C1%7C0%7C637511537457236956%7CUnknown%7CTWFpbGZsb3d8eyJWIjoiMC4wLjAwMDAiLCJQIjoiV2luMzIiLCJBTiI6Ik1haWwiLCJXVCI6Mn0%3D%7C1000&amp;sdata=2ECDVLP5at7G9o6cZaGd4cVq0v1vXECu57LbtnOSgVM%3D&amp;reserved=0\" target=\"_blank\" rel=\"noreferrer noopener\">http:\/\/www.haypalabrasquematan.cl\/<\/a>, donde se pueden encontrar estudios y videos sobre el tema. Como el tema del ciberacoso releva la importancia de saber c\u00f3mo manejar las redes sociales, el Mineduc cuenta con la web&nbsp;<a href=\"https:\/\/nam02.safelinks.protection.outlook.com\/?url=http%3A%2F%2Fwww.ciudadaniadigital.cl%2F&amp;data=04%7C01%7Cpaulina.fernandezh%40mineduc.cl%7Cba7855d75d1b4f7a0ba208d8e55d98dc%7C2e4cfe500580414093874ecde39def60%7C1%7C0%7C637511537457246949%7CUnknown%7CTWFpbGZsb3d8eyJWIjoiMC4wLjAwMDAiLCJQIjoiV2luMzIiLCJBTiI6Ik1haWwiLCJXVCI6Mn0%3D%7C1000&amp;sdata=4expaQ9hp4i%2F%2BW%2BCLArAnXTOdV9wrr2Pq3IAaUkTyhg%3D&amp;reserved=0\" target=\"_blank\" rel=\"noreferrer noopener\">http:\/\/www.ciudadaniadigital.cl\/<\/a>, donde se pueden encontrar cartillas, orientaciones y documentos con informaci\u00f3n y recomendaciones para formar buenos ciudadanos digitales.<\/p>\n\n\n\n<p>Como el ciberacoso constituye un serio problema para una convivencia escolar positiva, el Ministerio de Educaci\u00f3n considera el tema dentro de la Pol\u00edtica Nacional de Convivencia Escolar, que promueve cuatro modos de convivir dentro de las comunidades educativas: convivencia basada en el trato respetuoso, convivencia inclusiva, convivencia basada en la participaci\u00f3n democr\u00e1tica y la colaboraci\u00f3n y la resoluci\u00f3n pac\u00edfica y dialogada de los conflictos.<\/p>\n\n\n\n<p>Una de las cartillas de la pol\u00edtica aborda espec\u00edficamente el tema de la violencia escolar, de la cual forma parte del ciberacoso.<\/p>\n\n\n\n<p>Tanto la pol\u00edtica como sus cartillas forman parte del kit socioemocional enviado a todos los establecimientos educacionales que reciben subvenci\u00f3n del Estado.<\/p>\n\n\n\n<p><strong>Cifras de ciberacoso en el \u00faltimo a\u00f1o<\/strong><\/p>\n\n\n\n<p>A pesar de que en el a\u00f1o 2020 las denuncias por maltrato entre estudiantes disminuyeron con respecto a 2019, las de ciberacoso aumentaron su proporci\u00f3n. Es decir, si en 2019 las 421 denuncias de ciberacoso representaban un 13,6% de las de maltrato entre estudiantes, en 2020 las 72 denuncias relacionadas con esta materia representaron un 25,8% de las de maltrato f\u00edsico y psicol\u00f3gico entre alumnos. En otros t\u00e9rminos, si en 2019, 14 de cada 100 denuncias de maltrato entre estudiantes correspond\u00edan a ciberacoso, en 2020 este n\u00famero aument\u00f3 a 26 de cada 100.<\/p>\n\n\n\n<p>\u201cDebemos estar muy alerta ante las situaciones de acoso escolar, independiente si los estudiantes se encuentran con clases presenciales o a distancia, porque un ni\u00f1o o ni\u00f1a que sufre este tipo de acoso sin duda perder\u00e1 motivaci\u00f3n, lo que afectar\u00e1 su proceso de ense\u00f1anza-aprendizaje\u201d, destac\u00f3 el superintendente de Educaci\u00f3n, Cristi\u00e1n O\u2019Ryan.<\/p>\n","protected":false},"excerpt":{"rendered":"<p>Durante 2020 los escolares tuvieron que cambiar sus rutinas diarias debido a la pandemia y uno de los cambios m\u00e1s notorios fue tener que reemplazar las clases presenciales por clases&#8230; <a class=\"read-more\" href=\"https:\/\/www.radiopresidenteibanez.cl\/web\/en-el-dia-contra-el-ciberacoso-mineduc-presenta-orientaciones-para-enfrentar-hostigamiento-virtual-vivido-en-pandemia\/\">Leer m\u00e1s<\/a><\/p>\n","protected":false},"author":2,"featured_media":19188,"comment_status":"closed","ping_status":"closed","sticky":false,"template":"","format":"standard","meta":{"footnotes":""},"categories":[1],"tags":[],"class_list":["post-19187","post","type-post","status-publish","format-standard","has-post-thumbnail","hentry","category-cronica"],"_links":{"self":[{"href":"https:\/\/www.radiopresidenteibanez.cl\/web\/wp-json\/wp\/v2\/posts\/19187","targetHints":{"allow":["GET"]}}],"collection":[{"href":"https:\/\/www.radiopresidenteibanez.cl\/web\/wp-json\/wp\/v2\/posts"}],"about":[{"href":"https:\/\/www.radiopresidenteibanez.cl\/web\/wp-json\/wp\/v2\/types\/post"}],"author":[{"embeddable":true,"href":"https:\/\/www.radiopresidenteibanez.cl\/web\/wp-json\/wp\/v2\/users\/2"}],"replies":[{"embeddable":true,"href":"https:\/\/www.radiopresidenteibanez.cl\/web\/wp-json\/wp\/v2\/comments?post=19187"}],"version-history":[{"count":0,"href":"https:\/\/www.radiopresidenteibanez.cl\/web\/wp-json\/wp\/v2\/posts\/19187\/revisions"}],"wp:featuredmedia":[{"embeddable":true,"href":"https:\/\/www.radiopresidenteibanez.cl\/web\/wp-json\/wp\/v2\/media\/19188"}],"wp:attachment":[{"href":"https:\/\/www.radiopresidenteibanez.cl\/web\/wp-json\/wp\/v2\/media?parent=19187"}],"wp:term":[{"taxonomy":"category","embeddable":true,"href":"https:\/\/www.radiopresidenteibanez.cl\/web\/wp-json\/wp\/v2\/categories?post=19187"},{"taxonomy":"post_tag","embeddable":true,"href":"https:\/\/www.radiopresidenteibanez.cl\/web\/wp-json\/wp\/v2\/tags?post=19187"}],"curies":[{"name":"wp","href":"https:\/\/api.w.org\/{rel}","templated":true}]}}