{"id":19185,"date":"2021-03-13T03:33:00","date_gmt":"2021-03-13T03:33:00","guid":{"rendered":"https:\/\/www.radiopresidenteibanez.cl\/web\/?p=19185"},"modified":"2021-03-12T15:35:11","modified_gmt":"2021-03-12T15:35:11","slug":"la-otra-noticia-por-que-no-nos-informan-para-sanarnos","status":"publish","type":"post","link":"https:\/\/www.radiopresidenteibanez.cl\/web\/la-otra-noticia-por-que-no-nos-informan-para-sanarnos\/","title":{"rendered":"LA OTRA NOTICIA: POR QU\u00c9 NO NOS INFORMAN PARA SANARNOS?"},"content":{"rendered":"\n<p>\n\nPOR QU\u00c9 NO Informan lo que S\u00ed podemos hacer PARA SANARNOS.? A qu\u00e9 hora se le ha explicado a la poblaci\u00f3n que cada uno tiene la capacidad de reforzar naturalmente su sistema inmunol\u00f3gico en pocos d\u00edas (los m\u00e1s peque\u00f1os) o en pocas semanas los adultos?<\/p>\n\n\n\n<figure class=\"wp-block-image\"><img decoding=\"async\" src=\"https:\/\/ci3.googleusercontent.com\/proxy\/85lmesYEmF2oYeYzIrUcTdXXaWph7THXisGpoLDjMj4-15GgdNuKVH_ICGAshqg2_jiEbU_TuU4VXe3FffhdeW2vtHTkKHFg14S4OMt6VgBF2uPrmF2-bz3P=s0-d-e1-ft#https:\/\/static.xx.fbcdn.net\/images\/emoji.php\/v9\/t9\/1\/16\/1f468_1f3fb.png\" alt=\"\ud83d\udc68\ud83c\udffb\"\/><\/figure>\n\n\n\n<figure class=\"wp-block-image\"><img decoding=\"async\" src=\"https:\/\/ci5.googleusercontent.com\/proxy\/BXKU4YB13GeIDiZDT0cSHkiRgw-8yZuXzh9xdBw2CLrbcJ9Etmy1GT-oXMhLlUvzZwjcjHTrGeHh85ga-mwMiSny6sRLGV65FjpBddgpceaYJudEtA=s0-d-e1-ft#https:\/\/static.xx.fbcdn.net\/images\/emoji.php\/v9\/t7e\/1\/16\/1f52c.png\" alt=\"\ud83d\udd2c\"\/><\/figure>\n\n\n\n<p> Por qu\u00e9 no involucrarse en los canales informativos con plataformas y profesionales de salud que hablen de prevenci\u00f3n, como nutricionistas, natur\u00f3patas, fitoterapeutas, que podr\u00edan realizar un inmenso trabajo de informaci\u00f3n y prevenci\u00f3n al p\u00fablico y a la vez aligerar el trabajo de los m\u00e9dicos y sanitarios que est\u00e1n en el frente?<\/p>\n\n\n\n<figure class=\"wp-block-image\"><img decoding=\"async\" src=\"https:\/\/ci5.googleusercontent.com\/proxy\/Z-j0VeWDsFsXija6GC-aaPh5LKpQvH0h8ZKadykfCOqe-vQx3lCLtkE84JtLigf1Gx_rNCanwYRHJLoxBRls8B53Qu19E4WmNmKFwqcs8Sp8e5SHyw=s0-d-e1-ft#https:\/\/static.xx.fbcdn.net\/images\/emoji.php\/v9\/t2a\/1\/16\/1f354.png\" alt=\"\ud83c\udf54\"\/><\/figure>\n\n\n\n<p>Por qu\u00e9 no decirle a la gente que comer basura, como productos industriales, trabajados y refinados, es lo primero que destruye nuestras defensas? <\/p>\n\n\n\n<figure class=\"wp-block-image\"><img decoding=\"async\" src=\"https:\/\/ci4.googleusercontent.com\/proxy\/kF81EUXED6r-3IHYdZPzI6k3TafW-RhWBq5CW1xcP7sE6HPwaAoSoTfT1B57-4cz3Yufv0qWLaCjSMnbTcXSxg0MB8UldZoPrKQpJv7CggWXcN6PWg=s0-d-e1-ft#https:\/\/static.xx.fbcdn.net\/images\/emoji.php\/v9\/t3c\/1\/16\/1f34e.png\" alt=\"\ud83c\udf4e\"\/><\/figure>\n\n\n\n<p>Que la eficacia de nuestro sistema inmunol\u00f3gico depende estrechamente de la calidad de nuestra flora intestinal y, por lo tanto, de la calidad de lo que comemos.<\/p>\n\n\n\n<figure class=\"wp-block-image\"><img decoding=\"async\" src=\"https:\/\/ci5.googleusercontent.com\/proxy\/QeULl3B2nxUC7bYDmzAPlcwpV14qjN2qZ_IHTuI6J6QD2ekkDyC1SeBC-L9UMTdPL3d1mOMK1k50cUGQTj-H8FMLr-y0VsU81qWnnwBQC9FEpYmiSg=s0-d-e1-ft#https:\/\/static.xx.fbcdn.net\/images\/emoji.php\/v9\/tbd\/1\/16\/1f34f.png\" alt=\"\ud83c\udf4f\"\/><\/figure>\n\n\n\n<p>Por lo tanto, frutas y verduras crudas, locales y de temporada son la mejor manera de acumular r\u00e1pidamente nuestras reservas minerales necesarias para la inmunidad&#8230;<\/p>\n\n\n\n<figure class=\"wp-block-image\"><img decoding=\"async\" src=\"https:\/\/ci4.googleusercontent.com\/proxy\/-OmAeYBCFweGRmD9iucM8mz28pDWGp9Z3OyGqNrKZudmUPUwmV5-Gfv39ALGi_GRJ-_QDX4vHuFDCHT8QHnV7cNdNokynKtmmK88J6ToF5WPHhUC_g=s0-d-e1-ft#https:\/\/static.xx.fbcdn.net\/images\/emoji.php\/v9\/t51\/1\/16\/1f449.png\" alt=\"\ud83d\udc49\"\/><\/figure>\n\n\n\n<p>Por qu\u00e9 no explicar que por ejemplo un ayuno intermitente controlado fortalece el sistema inmunol\u00f3gico en tan solo 3 d\u00edas?<\/p>\n\n\n\n<figure class=\"wp-block-image\"><img decoding=\"async\" src=\"https:\/\/ci6.googleusercontent.com\/proxy\/g-YuURCAFfnJnrziMHboo83YzNTypEZ983PKb8fU8ZPritFQcHsAuQDgTlDAnNrtXzX3MYWG-oHB-bl-a_yVVteFckZCvAoV8CKjWkN50OnHEgXURw=s0-d-e1-ft#https:\/\/static.xx.fbcdn.net\/images\/emoji.php\/v9\/t5f\/1\/16\/1f31e.png\" alt=\"\ud83c\udf1e\"\/><\/figure>\n\n\n\n<p>Que una correcta respiraci\u00f3n tiene la capacidad de reducir niveles altos en producci\u00f3n de cortisol, hormona reguladora de tus niveles de estr\u00e9s.<\/p>\n\n\n\n<figure class=\"wp-block-image\"><img decoding=\"async\" src=\"https:\/\/ci5.googleusercontent.com\/proxy\/lxclAYYoTjF9Vklx6e0-lAXXApNkpHqmxTqXBgtYgx0jytd2JyjIjtxzc3JbUKSckKABTORDIEruFloj9dLymusqxqZhn1ioI1XFdXc_gRaxWb65Fg=s0-d-e1-ft#https:\/\/static.xx.fbcdn.net\/images\/emoji.php\/v9\/t12\/1\/16\/1f6bf.png\" alt=\"\ud83d\udebf\"\/><\/figure>\n\n\n\n<p> Por qu\u00e9 no hablar de los beneficios de una ducha fr\u00eda o un ba\u00f1o en el mar, que en pocos d\u00edas aumenta el nivel de algunos linfocitos T?<\/p>\n\n\n\n<figure class=\"wp-block-image\"><img decoding=\"async\" src=\"https:\/\/ci3.googleusercontent.com\/proxy\/GUnSLnMMrrNYfKQPl5sMetc4u4CErndg0QOwj5iPxubSlsQb4iFGPd0cnOVK3nSUoXdvAmb-L1FFkvjcSwbAJS-lKk9Sl_jf4irewxDYia8QrrQQQw=s0-d-e1-ft#https:\/\/static.xx.fbcdn.net\/images\/emoji.php\/v9\/t1e\/1\/16\/1f33f.png\" alt=\"\ud83c\udf3f\"\/><\/figure>\n\n\n\n<p> Por qu\u00e9 no explicar que plantas como la equinacia, el astr\u00e1galo, el sa\u00faco, la rosa canina, la artemisa&#8230; en sus formas concentradas y correctas, aumentan las defensas inmunes en pocas semanas?<\/p>\n\n\n\n<figure class=\"wp-block-image\"><img decoding=\"async\" src=\"https:\/\/ci3.googleusercontent.com\/proxy\/mrpEIOjYeTOJcWZuhTkiAQC9vzmIKZuauMr_7jEJuybvIe62o0Vjl3ir4qrHB8kpQoi-cotwF3LoisGUoxj1iMqkOMT-l2byjTr75Qok47II9OY1QA=s0-d-e1-ft#https:\/\/static.xx.fbcdn.net\/images\/emoji.php\/v9\/t42\/1\/16\/1f4a7.png\" alt=\"\ud83d\udca7\"\/><\/figure>\n\n\n\n<p>Por qu\u00e9 no hablar de la eficacia de los aceites esenciales antivirales?<\/p>\n\n\n\n<figure class=\"wp-block-image\"><img decoding=\"async\" src=\"https:\/\/ci6.googleusercontent.com\/proxy\/KNKvDe9OJ-8VTyYI0xVAT_Roil2rvgGKzvyoBoQMaHLpeXnngB0Ng8G0f6iGdkk5TIUApgOfpSOqmOoAT9S2AjHo1DDhnlukS0Fj_zD4v3mBTQ=s0-d-e1-ft#https:\/\/static.xx.fbcdn.net\/images\/emoji.php\/v9\/ta1\/1\/16\/a9.png\" alt=\"\u00a9\ufe0f\"\/><\/figure>\n\n\n\n<p> Adem\u00e1s de la vitamina C a dosis altas, la importancia de la vitamina D y minerales como el zinc, selenio, magnesio? Todo ello es f\u00e1cil y barato de obtener.En ocasiones, como en el caso de la luz solar, gratuito!<\/p>\n\n\n\n<figure class=\"wp-block-image\"><img decoding=\"async\" src=\"https:\/\/ci5.googleusercontent.com\/proxy\/ZwWiyzVrmP0RuG0l0kxNiuRRcLx1F9E1LTS2NET5qtVkiqGk3Yp-O4p_YTZT1YMYdM3k2s5CEuuvxAnux1jpt2ZhX0OZo5xc2XMqEWxtCKwTiqOZfg=s0-d-e1-ft#https:\/\/static.xx.fbcdn.net\/images\/emoji.php\/v9\/t3b\/1\/16\/1f3c3.png\" alt=\"\ud83c\udfc3\"\/><\/figure>\n\n\n\n<p> Por qu\u00e9 no hablar de c\u00f3mo una sana actividad deportiva activa las hormonas de la alegr\u00eda y el bienestar? <\/p>\n\n\n\n<figure class=\"wp-block-image\"><img decoding=\"async\" src=\"https:\/\/ci6.googleusercontent.com\/proxy\/iwlZQt22cu0VhmwPENQFOO5MyKAv-9sS7pr-M2Nl_n-fIxBm9-QWuDxD7BXu9yzM2CMARgl3_kBzI-AlEZHeHC4RSFxq6xwrQjxp-Ehunv3TBKMmsQ=s0-d-e1-ft#https:\/\/static.xx.fbcdn.net\/images\/emoji.php\/v9\/t34\/1\/16\/1f914.png\" alt=\"\ud83e\udd14\"\/><\/figure>\n\n\n\n<p> Por qu\u00e9 no hablar de la importancia de la calidad de nuestros pensamientos y de la conexi\u00f3n entre la mente y el cuerpo?<\/p>\n\n\n\n<figure class=\"wp-block-image\"><img decoding=\"async\" src=\"https:\/\/ci5.googleusercontent.com\/proxy\/Ec3ZkVR56CgxwyfF3QHduynMSVeIoTl-QR3ie8hLaEFwhY5Klo0uwwHjvrg8SUjKM_hL19uIxru9oY3ANjVLaYBkKS7x_QIvnuuIOojpn62NWSpXqA=s0-d-e1-ft#https:\/\/static.xx.fbcdn.net\/images\/emoji.php\/v9\/tea\/1\/16\/1f970.png\" alt=\"\ud83e\udd70\"\/><\/figure>\n\n\n\n<p> Por qu\u00e9 no hablar de la fortaleza del amor y la compa\u00f1\u00eda, que curan mucho m\u00e1s que el aislamiento y la desconfianza?<\/p>\n\n\n\n<figure class=\"wp-block-image\"><img decoding=\"async\" src=\"https:\/\/ci6.googleusercontent.com\/proxy\/t93-SEkewMZ8r7Q3GiF-JYtHWphho8cdPWlAwQKui0MI3BMByE5GCAHoO7PxVZAwrqkgBe_3CBOIgyUtjBV2NAXXgcM4h0QGC29ZaM5910qvYG5oGg=s0-d-e1-ft#https:\/\/static.xx.fbcdn.net\/images\/emoji.php\/v9\/tea\/1\/16\/1f332.png\" alt=\"\ud83c\udf32\"\/><\/figure>\n\n\n\n<p>Por qu\u00e9 no hablar del bienestar inmediato que nos da caminar o estar en la naturaleza?<\/p>\n\n\n\n<figure class=\"wp-block-image\"><img decoding=\"async\" src=\"https:\/\/ci6.googleusercontent.com\/proxy\/QLR2uRmJxW4iAsWWQcyW5l92faCb2q6L-W0kk4nrnX2NhKiSBhSRXlGZGtMzH8fphKuUC2onWr_rL8zL1nbmlpnVj3lW4nl7mGqgM7o3dLkb-Cs_mplJy9VdNg=s0-d-e1-ft#https:\/\/static.xx.fbcdn.net\/images\/emoji.php\/v9\/t38\/1\/16\/1f44e_1f3fb.png\" alt=\"\ud83d\udc4e\ud83c\udffb\"\/><\/figure>\n\n\n\n<p> Por qu\u00e9 no explicar que el miedo es inmunosupresor? Y genera m\u00e1s que nada: enfermedad, debilidad, ansiedad, sufrimiento.*POR QU\u00c9 NO COMENZAR A INFORMAR.**Y POR QU\u00c9 NO HACERLO DE VERDAD&#8230;*solo nos ense\u00f1aron a usar alcohol, ponernos una mascarilla, y a estar encerrados y a tener miedo. <\/p>\n\n\n\n<p><strong> Pedro Guichapany Miranda <\/strong><\/p>\n","protected":false},"excerpt":{"rendered":"<p>POR QU\u00c9 NO Informan lo que S\u00ed podemos hacer PARA SANARNOS.? A qu\u00e9 hora se le ha explicado a la poblaci\u00f3n que cada uno tiene la capacidad de reforzar naturalmente&#8230; <a class=\"read-more\" href=\"https:\/\/www.radiopresidenteibanez.cl\/web\/la-otra-noticia-por-que-no-nos-informan-para-sanarnos\/\">Leer m\u00e1s<\/a><\/p>\n","protected":false},"author":2,"featured_media":10325,"comment_status":"closed","ping_status":"closed","sticky":false,"template":"","format":"standard","meta":{"footnotes":""},"categories":[1],"tags":[],"class_list":["post-19185","post","type-post","status-publish","format-standard","has-post-thumbnail","hentry","category-cronica"],"_links":{"self":[{"href":"https:\/\/www.radiopresidenteibanez.cl\/web\/wp-json\/wp\/v2\/posts\/19185","targetHints":{"allow":["GET"]}}],"collection":[{"href":"https:\/\/www.radiopresidenteibanez.cl\/web\/wp-json\/wp\/v2\/posts"}],"about":[{"href":"https:\/\/www.radiopresidenteibanez.cl\/web\/wp-json\/wp\/v2\/types\/post"}],"author":[{"embeddable":true,"href":"https:\/\/www.radiopresidenteibanez.cl\/web\/wp-json\/wp\/v2\/users\/2"}],"replies":[{"embeddable":true,"href":"https:\/\/www.radiopresidenteibanez.cl\/web\/wp-json\/wp\/v2\/comments?post=19185"}],"version-history":[{"count":0,"href":"https:\/\/www.radiopresidenteibanez.cl\/web\/wp-json\/wp\/v2\/posts\/19185\/revisions"}],"wp:featuredmedia":[{"embeddable":true,"href":"https:\/\/www.radiopresidenteibanez.cl\/web\/wp-json\/wp\/v2\/media\/10325"}],"wp:attachment":[{"href":"https:\/\/www.radiopresidenteibanez.cl\/web\/wp-json\/wp\/v2\/media?parent=19185"}],"wp:term":[{"taxonomy":"category","embeddable":true,"href":"https:\/\/www.radiopresidenteibanez.cl\/web\/wp-json\/wp\/v2\/categories?post=19185"},{"taxonomy":"post_tag","embeddable":true,"href":"https:\/\/www.radiopresidenteibanez.cl\/web\/wp-json\/wp\/v2\/tags?post=19185"}],"curies":[{"name":"wp","href":"https:\/\/api.w.org\/{rel}","templated":true}]}}