{"id":19182,"date":"2021-03-13T03:15:00","date_gmt":"2021-03-13T03:15:00","guid":{"rendered":"https:\/\/www.radiopresidenteibanez.cl\/web\/?p=19182"},"modified":"2021-03-12T15:32:41","modified_gmt":"2021-03-12T15:32:41","slug":"constitucion-y-democracia-en-debate-cchc-punta-arenas-lanza-nuevo-programa-de-tv","status":"publish","type":"post","link":"https:\/\/www.radiopresidenteibanez.cl\/web\/constitucion-y-democracia-en-debate-cchc-punta-arenas-lanza-nuevo-programa-de-tv\/","title":{"rendered":"\u201cCONSTITUCI\u00d3N Y DEMOCRACIA EN DEBATE\u201d: CCHC PUNTA ARENAS LANZA NUEVO PROGRAMA DE TV"},"content":{"rendered":"\n<p>Este lunes 15 de marzo a las 22:00 hrs. se emitir\u00e1 por el canal 26 de TV Red el primer cap\u00edtulo de \u201cConstituci\u00f3n y democracia en debate\u201d, programa televisivo de la C\u00e1mara Chilena de la Construcci\u00f3n que tiene por objetivo dar a conocer las distintas propuestas de los candidatos de la regi\u00f3n de Magallanes a la Convenci\u00f3n Constituyente.<\/p>\n\n\n\n<p>El espacio de debate contar\u00e1 con cuatro cap\u00edtulos, en cada uno con cinco candidatos constituyentes de distintas listas postulantes y\/o facetas pol\u00edticas.<\/p>\n\n\n\n<p>\u201cCon este programa televisivo buscamos darles espacio a los candidatos de la regi\u00f3n para que puedan expresar sus principales propuestas para la Constituci\u00f3n Pol\u00edtica y que los ciudadanos de Magallanes puedan conocerlas y as\u00ed emitir su voto con la informaci\u00f3n necesaria. El debate de ideas siempre es leg\u00edtimo y&nbsp;hoy debemos avanzar juntos hacia una meta com\u00fan ampliamente compartida: hacer de Chile un pa\u00eds que siga progresando y as\u00ed avance en la construcci\u00f3n de una sociedad m\u00e1s justa y equitativa, donde se promueva el bien com\u00fan y existan las condiciones para que todos puedan desarrollarse\u201d, indic\u00f3 Carlos Braun, presidente de la C\u00e1mara Chilena de la Construcci\u00f3n Punta Arenas.<\/p>\n\n\n\n<p>El conductor del programa, el periodista Gonzalo Espina, instar\u00e1 a los candidatos a presentar sus propuestas para la nueva Constituci\u00f3n Pol\u00edtica de Chile, consultando sus posturas sobre ejes claves a discutir en la redacci\u00f3n del documento.<\/p>\n\n\n\n<p>\u201cA nuestro juicio, algunas de las tem\u00e1ticas m\u00e1s importantes en el debate constitucional son: la incorporaci\u00f3n de los derechos sociales, las garant\u00edas constitucionales, los roles del sector privado y de las organizaciones de la sociedad civil, el r\u00e9gimen de gobierno, la forma del Estado, las facultades de los gobiernos regionales, y el papel del Estado sobre la econom\u00eda. Esperamos que en el programa haya un amplio y fruct\u00edfero debate de ideas, por lo que invitamos a la ciudadan\u00eda a ver los cap\u00edtulos, escuchar a los candidatos y sus respuestas, y a preguntarse sobre estas aristas fundamentales que nos definir\u00e1n como pa\u00eds\u201d, concluy\u00f3 Jos\u00e9 Alvarado, presidente de la Comisi\u00f3n del Proceso Constituyente de CChC Punta Arenas.<\/p>\n\n\n\n<p>\u201cConstituci\u00f3n y democracia en debate\u201d estar\u00e1 al aire por el canal 26 de TV Red los lunes a las 22:00 hrs., desde el lunes 15 de marzo al lunes 5 de abril de 2021.<\/p>\n","protected":false},"excerpt":{"rendered":"<p>Este lunes 15 de marzo a las 22:00 hrs. se emitir\u00e1 por el canal 26 de TV Red el primer cap\u00edtulo de \u201cConstituci\u00f3n y democracia en debate\u201d, programa televisivo de&#8230; <a class=\"read-more\" href=\"https:\/\/www.radiopresidenteibanez.cl\/web\/constitucion-y-democracia-en-debate-cchc-punta-arenas-lanza-nuevo-programa-de-tv\/\">Leer m\u00e1s<\/a><\/p>\n","protected":false},"author":2,"featured_media":19183,"comment_status":"closed","ping_status":"closed","sticky":false,"template":"","format":"standard","meta":{"footnotes":""},"categories":[1],"tags":[],"class_list":["post-19182","post","type-post","status-publish","format-standard","has-post-thumbnail","hentry","category-cronica"],"_links":{"self":[{"href":"https:\/\/www.radiopresidenteibanez.cl\/web\/wp-json\/wp\/v2\/posts\/19182","targetHints":{"allow":["GET"]}}],"collection":[{"href":"https:\/\/www.radiopresidenteibanez.cl\/web\/wp-json\/wp\/v2\/posts"}],"about":[{"href":"https:\/\/www.radiopresidenteibanez.cl\/web\/wp-json\/wp\/v2\/types\/post"}],"author":[{"embeddable":true,"href":"https:\/\/www.radiopresidenteibanez.cl\/web\/wp-json\/wp\/v2\/users\/2"}],"replies":[{"embeddable":true,"href":"https:\/\/www.radiopresidenteibanez.cl\/web\/wp-json\/wp\/v2\/comments?post=19182"}],"version-history":[{"count":0,"href":"https:\/\/www.radiopresidenteibanez.cl\/web\/wp-json\/wp\/v2\/posts\/19182\/revisions"}],"wp:featuredmedia":[{"embeddable":true,"href":"https:\/\/www.radiopresidenteibanez.cl\/web\/wp-json\/wp\/v2\/media\/19183"}],"wp:attachment":[{"href":"https:\/\/www.radiopresidenteibanez.cl\/web\/wp-json\/wp\/v2\/media?parent=19182"}],"wp:term":[{"taxonomy":"category","embeddable":true,"href":"https:\/\/www.radiopresidenteibanez.cl\/web\/wp-json\/wp\/v2\/categories?post=19182"},{"taxonomy":"post_tag","embeddable":true,"href":"https:\/\/www.radiopresidenteibanez.cl\/web\/wp-json\/wp\/v2\/tags?post=19182"}],"curies":[{"name":"wp","href":"https:\/\/api.w.org\/{rel}","templated":true}]}}