{"id":19179,"date":"2021-03-14T03:00:00","date_gmt":"2021-03-14T03:00:00","guid":{"rendered":"https:\/\/www.radiopresidenteibanez.cl\/web\/?p=19179"},"modified":"2021-03-12T15:30:11","modified_gmt":"2021-03-12T15:30:11","slug":"familias-yaganes-de-puerto-williams-visitan-la-tierra-de-sus-ancestros-en-la-bahia-yendegaia","status":"publish","type":"post","link":"https:\/\/www.radiopresidenteibanez.cl\/web\/familias-yaganes-de-puerto-williams-visitan-la-tierra-de-sus-ancestros-en-la-bahia-yendegaia\/","title":{"rendered":"FAMILIAS YAGANES DE PUERTO WILLIAMS VISITAN LA TIERRA DE SUS ANCESTROS EN LA BAH\u00cdA YENDEGAIA"},"content":{"rendered":"\n<p>Esta importante actividad\nde participaci\u00f3n ciudadana, representa un hito hist\u00f3rico para la comunidad ind\u00edgena Yag\u00e1n \u201cBah\u00eda\nMejillones\u201d de Puerto Williams.<\/p>\n\n\n\n<p>A la iniciativa, promovida y coordinada\npor la Direcci\u00f3n de Vialidad del MOP y la Subjefatura Zonal \u201cPunta Arenas\u201d del\nCMT, asistieron el Director Regional de Vialidad, FRANCISCO OROZCO L\u00d3PEZ, el\nInspector Fiscal de la Obra, SERGIO ARAYA GUERRA, la Presidenta de la Directiva\nde la Comunidad Yag\u00e1n, MAR\u00cdA LUISA MU\u00d1OZ, el Director del Museo Gusinde, ALBERTO\nSERRANO, la arque\u00f3loga del convenio, PAULINA MONROY &nbsp;y el Jefe de Sector del Campamento \u201cCaleta 2\nde Mayo\u201d del CMT, CAPIT\u00c1N ROBERTSON BURBOA HERRERA.<\/p>\n\n\n\n<p>En la oportunidad, la comunidad\ndescendiente de yaganes de Puerto Williams, pudo pisar por primera vez suelo\nancestral y conocer adem\u00e1s, el camino que construye el CMT en la localidad de\nCaleta 2 de Mayo, que avanza hacia el Norte, con la finalidad de materializar\nla tan anhelada conectividad entre Punta Arenas y Puerto Williams, &nbsp;en una ruta bimodal.<\/p>\n\n\n\n<p>La visita, que fue especialmente valorada\npor los ni\u00f1os y adultos mayores, tiene un especial significado para la\ncomunidad y sus antepasados, as\u00ed lo expres\u00f3 una de sus integrantes, YOLANDA\nVALDERAS: \u201c<em>Pudimos recorrer parajes en donde hay vestigios de\nnuestros antepasados y ver c\u00f3mo se conectaban en este gran territorio. Visitamos\ncasas pozo, pinturas rupestres, fue una experiencia muy gratificante. Se nota el\ncuidado que ha tenido el CMT para rescatar y aprender de este lugar, que representa\nnuestra historia. Hoy somos una comunidad, un pueblo vivo y cada momento\nimportante&nbsp; recorrido en este territorio,\nes de gran valor\u201d.<\/em><\/p>\n\n\n\n<p>En este mismo contexto, la familia Balfor\nmanifest\u00f3: <em>\u201cPara nuestra comunidad, <\/em>e<em>s\nde gran importancia ser parte activa de estos procesos y estar al tanto del\navance de la obra, por eso valoramos la incorporaci\u00f3n de <\/em><em>un gestor intercultural en el desarrollo de\nlas obras, quien nos mantendr\u00e1 informados y cumplir\u00e1 funciones de coordinaci\u00f3n\na partir de esta iniciativa\u201d. <\/em><\/p>\n\n\n\n<p>Por su parte, el Director Regional de\nVialidad, sostuvo: <em>\u201cLa experiencia vivida con el pueblo Yag\u00e1n de\nrecorrer su territorio, por donde pasa el trazado del camino Vicu\u00f1a-Yendegaia,\nfue extremadamente enriquecedora. Se debe rescatar que la obra se ha ejecutado\nen el marco del respeto arqueol\u00f3gico y ambiental para proteger el legado de un pueblo que es parte\nde nuestra historia\u201d.<\/em><\/p>\n\n\n\n<p>En tanto, el CAPIT\u00c1N ROBERTSON expres\u00f3: \u201c<em>Es un orgullo recibir las muestras de\nagradecimiento de los integrantes de la comunidad, por el cuidado y respeto con\nque se han trabajado los sitios arqueol\u00f3gicos durante la construcci\u00f3n de este camino;\nadem\u00e1s de se\u00f1alar y entender los m\u00faltiples beneficios que esta ruta otorgar\u00e1 al\ndesarrollo de Isla Navarino\u201d.<\/em><\/p>\n\n\n\n<p>Cabe mencionar, que este camino es parte\ndel gran proyecto para unir Punta Arenas y la Isla Navarino, el cual comenz\u00f3\nhace m\u00e1s de 27 a\u00f1os, como una de las tareas m\u00e1s tit\u00e1nicas de la regi\u00f3n. \n\nHoy s\u00f3lo restan 35 km\npara su tan esperada culminaci\u00f3n, generando con ello un gran beneficio a los\ncompatriotas que habitan la regi\u00f3n m\u00e1s austral de Chile, aportando al pa\u00eds una\nv\u00eda de acceso segura, para acceder a un lugar de tanta importancia estrat\u00e9gica\ncomo lo es el Canal Beagle. \n\n\n\n<\/p>\n","protected":false},"excerpt":{"rendered":"<p>Esta importante actividad de participaci\u00f3n ciudadana, representa un hito hist\u00f3rico para la comunidad ind\u00edgena Yag\u00e1n \u201cBah\u00eda Mejillones\u201d de Puerto Williams. A la iniciativa, promovida y coordinada por la Direcci\u00f3n de&#8230; <a class=\"read-more\" href=\"https:\/\/www.radiopresidenteibanez.cl\/web\/familias-yaganes-de-puerto-williams-visitan-la-tierra-de-sus-ancestros-en-la-bahia-yendegaia\/\">Leer m\u00e1s<\/a><\/p>\n","protected":false},"author":2,"featured_media":19180,"comment_status":"closed","ping_status":"closed","sticky":false,"template":"","format":"standard","meta":{"footnotes":""},"categories":[1],"tags":[],"class_list":["post-19179","post","type-post","status-publish","format-standard","has-post-thumbnail","hentry","category-cronica"],"_links":{"self":[{"href":"https:\/\/www.radiopresidenteibanez.cl\/web\/wp-json\/wp\/v2\/posts\/19179","targetHints":{"allow":["GET"]}}],"collection":[{"href":"https:\/\/www.radiopresidenteibanez.cl\/web\/wp-json\/wp\/v2\/posts"}],"about":[{"href":"https:\/\/www.radiopresidenteibanez.cl\/web\/wp-json\/wp\/v2\/types\/post"}],"author":[{"embeddable":true,"href":"https:\/\/www.radiopresidenteibanez.cl\/web\/wp-json\/wp\/v2\/users\/2"}],"replies":[{"embeddable":true,"href":"https:\/\/www.radiopresidenteibanez.cl\/web\/wp-json\/wp\/v2\/comments?post=19179"}],"version-history":[{"count":0,"href":"https:\/\/www.radiopresidenteibanez.cl\/web\/wp-json\/wp\/v2\/posts\/19179\/revisions"}],"wp:featuredmedia":[{"embeddable":true,"href":"https:\/\/www.radiopresidenteibanez.cl\/web\/wp-json\/wp\/v2\/media\/19180"}],"wp:attachment":[{"href":"https:\/\/www.radiopresidenteibanez.cl\/web\/wp-json\/wp\/v2\/media?parent=19179"}],"wp:term":[{"taxonomy":"category","embeddable":true,"href":"https:\/\/www.radiopresidenteibanez.cl\/web\/wp-json\/wp\/v2\/categories?post=19179"},{"taxonomy":"post_tag","embeddable":true,"href":"https:\/\/www.radiopresidenteibanez.cl\/web\/wp-json\/wp\/v2\/tags?post=19179"}],"curies":[{"name":"wp","href":"https:\/\/api.w.org\/{rel}","templated":true}]}}