{"id":19173,"date":"2021-03-14T02:45:46","date_gmt":"2021-03-14T02:45:46","guid":{"rendered":"https:\/\/www.radiopresidenteibanez.cl\/web\/?p=19173"},"modified":"2021-03-12T15:25:24","modified_gmt":"2021-03-12T15:25:24","slug":"hospital-clinico-magallanes-aumenta-a-21-camas-uci","status":"publish","type":"post","link":"https:\/\/www.radiopresidenteibanez.cl\/web\/hospital-clinico-magallanes-aumenta-a-21-camas-uci\/","title":{"rendered":"HOSPITAL CL\u00cdNICO MAGALLANES AUMENTA A 21 CAMAS UCI"},"content":{"rendered":"\n<p>En\ncontexto del fortalecimiento y reforzamiento de la Unidad de Paciente Cr\u00edtico\n(UPC) del Hospital Cl\u00ednico Magallanes (HCM), a contar de hoy, jueves 11 de marzo,\nel principal establecimiento de salud de la Patagonia Austral aument\u00f3 a 21 sus\ncamas de cuidados intensivos (UCI).<\/p>\n\n\n\n<p>La\nmedida que responde a la necesidad patente en la regi\u00f3n de camas cr\u00edticas y de garantizar\nel acceso a la poblaci\u00f3n magall\u00e1nica que lo requiera, involucra un esfuerzo\nadicional del personal cl\u00ednico y t\u00e9cnico de esta unidad y del propio\nestablecimiento.<\/p>\n\n\n\n<p>\u201cAl\nd\u00eda de hoy nuestro hospital, con el m\u00e1s absoluto reconocimiento a los equipos\nque trabajan en nuestra UPC han logrado poner a disposici\u00f3n 21 camas de mayor\ncomplejidad, naturalmente que esto se ve condicionado por la patolog\u00eda COVID-19\nque a\u00fan nos sigue gravando, pero tambi\u00e9n por otra serie de patolog\u00edas graves\nque nuestra Unidad de Paciente Cr\u00edtico ha debido dar respuesta\u201d, indic\u00f3 Ricardo\nContreras, director del HCM.<\/p>\n\n\n\n<p>Recordar\nque al principio de la situaci\u00f3n de pandemia por COVID-19, el Hospital Cl\u00ednico\ncontaba con 6 camas UCI, las que se aumentaron a 24, complejizando las 18 camas\nUTI existentes; posteriormente estas disminuyeron a 15 camas en directa a\ntenci\u00f3n a la falta de recurso humano especializado. Actualmente se cuenta con\n21 camas UCI.<\/p>\n","protected":false},"excerpt":{"rendered":"<p>En contexto del fortalecimiento y reforzamiento de la Unidad de Paciente Cr\u00edtico (UPC) del Hospital Cl\u00ednico Magallanes (HCM), a contar de hoy, jueves 11 de marzo, el principal establecimiento de&#8230; <a class=\"read-more\" href=\"https:\/\/www.radiopresidenteibanez.cl\/web\/hospital-clinico-magallanes-aumenta-a-21-camas-uci\/\">Leer m\u00e1s<\/a><\/p>\n","protected":false},"author":2,"featured_media":19174,"comment_status":"closed","ping_status":"closed","sticky":false,"template":"","format":"standard","meta":{"footnotes":""},"categories":[1],"tags":[],"class_list":["post-19173","post","type-post","status-publish","format-standard","has-post-thumbnail","hentry","category-cronica"],"_links":{"self":[{"href":"https:\/\/www.radiopresidenteibanez.cl\/web\/wp-json\/wp\/v2\/posts\/19173","targetHints":{"allow":["GET"]}}],"collection":[{"href":"https:\/\/www.radiopresidenteibanez.cl\/web\/wp-json\/wp\/v2\/posts"}],"about":[{"href":"https:\/\/www.radiopresidenteibanez.cl\/web\/wp-json\/wp\/v2\/types\/post"}],"author":[{"embeddable":true,"href":"https:\/\/www.radiopresidenteibanez.cl\/web\/wp-json\/wp\/v2\/users\/2"}],"replies":[{"embeddable":true,"href":"https:\/\/www.radiopresidenteibanez.cl\/web\/wp-json\/wp\/v2\/comments?post=19173"}],"version-history":[{"count":0,"href":"https:\/\/www.radiopresidenteibanez.cl\/web\/wp-json\/wp\/v2\/posts\/19173\/revisions"}],"wp:featuredmedia":[{"embeddable":true,"href":"https:\/\/www.radiopresidenteibanez.cl\/web\/wp-json\/wp\/v2\/media\/19174"}],"wp:attachment":[{"href":"https:\/\/www.radiopresidenteibanez.cl\/web\/wp-json\/wp\/v2\/media?parent=19173"}],"wp:term":[{"taxonomy":"category","embeddable":true,"href":"https:\/\/www.radiopresidenteibanez.cl\/web\/wp-json\/wp\/v2\/categories?post=19173"},{"taxonomy":"post_tag","embeddable":true,"href":"https:\/\/www.radiopresidenteibanez.cl\/web\/wp-json\/wp\/v2\/tags?post=19173"}],"curies":[{"name":"wp","href":"https:\/\/api.w.org\/{rel}","templated":true}]}}