{"id":19168,"date":"2021-03-14T02:30:00","date_gmt":"2021-03-14T02:30:00","guid":{"rendered":"https:\/\/www.radiopresidenteibanez.cl\/web\/?p=19168"},"modified":"2021-03-12T15:21:25","modified_gmt":"2021-03-12T15:21:25","slug":"81-de-los-funcionarios-de-la-educacion-han-sido-vacunados-contra-el-covid-19-en-la-region-de-magallanes","status":"publish","type":"post","link":"https:\/\/www.radiopresidenteibanez.cl\/web\/81-de-los-funcionarios-de-la-educacion-han-sido-vacunados-contra-el-covid-19-en-la-region-de-magallanes\/","title":{"rendered":"81% DE LOS FUNCIONARIOS DE LA EDUCACI\u00d3N HAN SIDO VACUNADOS CONTRA EL COVID-19 EN LA REGI\u00d3N DE MAGALLANES"},"content":{"rendered":"\n<p>A tres semanas del comienzo del proceso de vacunaci\u00f3n contra el Covid-19 para los trabajadores de la Educaci\u00f3n, en la regi\u00f3n ya han sido inoculados con la primera dosis cerca de 4.473 funcionarios entre los que se cuentan profesores, asistentes de la educaci\u00f3n, educadoras de p\u00e1rvulos, directores, administrativos y manipuladores de alimentos.<\/p>\n\n\n\n<p>Esto gracias a que fueron incorporados en el 30% de la poblaci\u00f3n priorizada por el Gobierno en el calendario de vacunaci\u00f3n y que a nivel nacional considera m\u00e1s de 513.600 funcionarios.<\/p>\n\n\n\n<p>La cifra fue entregada esta ma\u00f1ana por el&nbsp;<strong>seremi de Educaci\u00f3n, Rodrigo Sep\u00falveda Tagle,<\/strong>&nbsp;quien valor\u00f3 la rapidez y eficacia de este proceso que muestra un avance del 81% en la regi\u00f3n, lo que representa 4.473 personas inoculadas.<\/p>\n\n\n\n<p>\u201cCon la incorporaci\u00f3n de los funcionarios de la educaci\u00f3n a este proceso se est\u00e1 entregando mayor seguridad y confianza a los padres y apoderados y a la vez refleja el compromiso que los trabajadores tienen por retornar a las aulas y sacar adelante este a\u00f1o escolar. Esto demuestra que todos estamos comprometidos con el proceso de vacunaci\u00f3n\u201d, sentenci\u00f3 la autoridad regional.<\/p>\n\n\n\n<p>Adem\u00e1s, el seremi destac\u00f3 que cerca de 431 funcionarios ya han recibido la segunda dosis y que espera que el proceso siga de acuerdo con el calendario establecido.<\/p>\n\n\n\n<p>Una de las docentes que ya recibi\u00f3 su vacuna fue&nbsp;<strong>Ximena Mella, Profesora de Educaci\u00f3n F\u00edsica y encarada de Convivencia Escolar de la Escuela Manuel Bulnes de Punta Arenas<\/strong>. \u201cYo en lo personal tengo asma y haber accedido a la vacuna me ha dado no solo seguridad sino tambi\u00e9n que me siento m\u00e1s protegida, para retomar las clases presenciales con un grado de seguridad mayor tanto para nosotros como para el resto de la comunidad, entre ellos los ni\u00f1os y sus familias. Es una gran oportunidad la que se nos ha dado\u201d, agreg\u00f3.<\/p>\n\n\n\n<p>Para el profesor&nbsp;<strong>Nicol\u00e1s Sollmer con 9 a\u00f1os de experiencia como docente y actual miembro de la comunidad educativa de la Escuela Espa\u00f1a de Punta Arenas,<\/strong>&nbsp;tambi\u00e9n fue vacunado. Dijo que \u201cAl principio ten\u00eda un poco de desconfianza con la vacuna, por la poca informaci\u00f3n y estudios que se ten\u00edan al respecto, pero en mi caso decid\u00ed vacunarme con la primera dosis para tener mayor tranquilidad. Espero que de aqu\u00ed se hagan m\u00e1s estudios al respecto, pero ahora era una responsabilidad vacunarse para iniciar el a\u00f1o escolar con seguridad\u201d.<\/p>\n\n\n\n<p>En tanto, a nivel nacional, el seremi valor\u00f3 que en el pa\u00eds se han vacunado con la primera dosis al 80% de los trabajadores de la educaci\u00f3n, lo que equivale a 409.700 personas.<\/p>\n","protected":false},"excerpt":{"rendered":"<p>A tres semanas del comienzo del proceso de vacunaci\u00f3n contra el Covid-19 para los trabajadores de la Educaci\u00f3n, en la regi\u00f3n ya han sido inoculados con la primera dosis cerca&#8230; <a class=\"read-more\" href=\"https:\/\/www.radiopresidenteibanez.cl\/web\/81-de-los-funcionarios-de-la-educacion-han-sido-vacunados-contra-el-covid-19-en-la-region-de-magallanes\/\">Leer m\u00e1s<\/a><\/p>\n","protected":false},"author":2,"featured_media":10329,"comment_status":"closed","ping_status":"closed","sticky":false,"template":"","format":"standard","meta":{"footnotes":""},"categories":[1],"tags":[],"class_list":["post-19168","post","type-post","status-publish","format-standard","has-post-thumbnail","hentry","category-cronica"],"_links":{"self":[{"href":"https:\/\/www.radiopresidenteibanez.cl\/web\/wp-json\/wp\/v2\/posts\/19168","targetHints":{"allow":["GET"]}}],"collection":[{"href":"https:\/\/www.radiopresidenteibanez.cl\/web\/wp-json\/wp\/v2\/posts"}],"about":[{"href":"https:\/\/www.radiopresidenteibanez.cl\/web\/wp-json\/wp\/v2\/types\/post"}],"author":[{"embeddable":true,"href":"https:\/\/www.radiopresidenteibanez.cl\/web\/wp-json\/wp\/v2\/users\/2"}],"replies":[{"embeddable":true,"href":"https:\/\/www.radiopresidenteibanez.cl\/web\/wp-json\/wp\/v2\/comments?post=19168"}],"version-history":[{"count":0,"href":"https:\/\/www.radiopresidenteibanez.cl\/web\/wp-json\/wp\/v2\/posts\/19168\/revisions"}],"wp:featuredmedia":[{"embeddable":true,"href":"https:\/\/www.radiopresidenteibanez.cl\/web\/wp-json\/wp\/v2\/media\/10329"}],"wp:attachment":[{"href":"https:\/\/www.radiopresidenteibanez.cl\/web\/wp-json\/wp\/v2\/media?parent=19168"}],"wp:term":[{"taxonomy":"category","embeddable":true,"href":"https:\/\/www.radiopresidenteibanez.cl\/web\/wp-json\/wp\/v2\/categories?post=19168"},{"taxonomy":"post_tag","embeddable":true,"href":"https:\/\/www.radiopresidenteibanez.cl\/web\/wp-json\/wp\/v2\/tags?post=19168"}],"curies":[{"name":"wp","href":"https:\/\/api.w.org\/{rel}","templated":true}]}}