{"id":19165,"date":"2021-03-13T02:30:00","date_gmt":"2021-03-13T02:30:00","guid":{"rendered":"https:\/\/www.radiopresidenteibanez.cl\/web\/?p=19165"},"modified":"2021-03-12T15:20:02","modified_gmt":"2021-03-12T15:20:02","slug":"profesionales-de-la-red-de-atencion-a-victimas-participaron-en-charla-sobre-ley-de-entrevista-investigativa-videograbada","status":"publish","type":"post","link":"https:\/\/www.radiopresidenteibanez.cl\/web\/profesionales-de-la-red-de-atencion-a-victimas-participaron-en-charla-sobre-ley-de-entrevista-investigativa-videograbada\/","title":{"rendered":"PROFESIONALES DE LA RED DE ATENCI\u00d3N A V\u00cdCTIMAS PARTICIPARON EN CHARLA SOBRE LEY DE ENTREVISTA INVESTIGATIVA VIDEOGRABADA"},"content":{"rendered":"\n<p>Profesionales de\nla Red de Asistencia a V\u00edctimas de Delitos, que lidera la Coordinaci\u00f3n de\nSeguridad P\u00fablica,&nbsp; participaron de una\ndid\u00e1ctica charla realizada por la Jefa de la Unidad Regional de Atenci\u00f3n a\nV\u00edctimas y Testigos de la Fiscal\u00eda, Alejandra Guevara Mendoza, vinculada a la Ley 21.05, que regula las entrevistas\ninvestigativas videograbadas y otras medidas de resguardo a menores de edad,\nv\u00edctimas de delitos sexuales, violentos y trata de personas, entre otras.<\/p>\n\n\n\n<p>En la\noportunidad la representante del Ministerio P\u00fablico, refresc\u00f3 conocimientos y\ndisip\u00f3 dudas &nbsp;en torno a esta\nmateria,&nbsp; reforzando\nas\u00ed el trabajo interinstitucional entre &nbsp;los\ndistintos organismos regionales vinculados a la atenci\u00f3n y protecci\u00f3n de\nv\u00edctimas de delitos.<\/p>\n\n\n\n<p>Cabe indicar\nque la entrevista investigativa videograbada es una diligencia de investigaci\u00f3n\nque se debe decretar por el o la Fiscal y debe realizarse por entrevistadores\ndebidamente formados y acreditados por el Ministerio de Justicia y Derechos\nHumanos,&nbsp; estableci\u00e9ndose reglas que\npermitan iniciar un proceso investigativo en el menor tiempo posible, quedando\neste importante material en un registro digital, con acceso reservado a los\nintervinientes, polic\u00edas, peritos y jueces\/zas de Familia, siendo su exhibici\u00f3n\ncontrolada, con adopci\u00f3n de medidas para evitar su copia y posterior difusi\u00f3n,\nno reemplazando, sin embargo, la comparecencia de las v\u00edctimas o testigos en un\njuicio oral donde participar\u00e1 un intermediador.<\/p>\n","protected":false},"excerpt":{"rendered":"<p>Profesionales de la Red de Asistencia a V\u00edctimas de Delitos, que lidera la Coordinaci\u00f3n de Seguridad P\u00fablica,&nbsp; participaron de una did\u00e1ctica charla realizada por la Jefa de la Unidad Regional&#8230; <a class=\"read-more\" href=\"https:\/\/www.radiopresidenteibanez.cl\/web\/profesionales-de-la-red-de-atencion-a-victimas-participaron-en-charla-sobre-ley-de-entrevista-investigativa-videograbada\/\">Leer m\u00e1s<\/a><\/p>\n","protected":false},"author":2,"featured_media":19166,"comment_status":"closed","ping_status":"closed","sticky":false,"template":"","format":"standard","meta":{"footnotes":""},"categories":[1],"tags":[],"class_list":["post-19165","post","type-post","status-publish","format-standard","has-post-thumbnail","hentry","category-cronica"],"_links":{"self":[{"href":"https:\/\/www.radiopresidenteibanez.cl\/web\/wp-json\/wp\/v2\/posts\/19165","targetHints":{"allow":["GET"]}}],"collection":[{"href":"https:\/\/www.radiopresidenteibanez.cl\/web\/wp-json\/wp\/v2\/posts"}],"about":[{"href":"https:\/\/www.radiopresidenteibanez.cl\/web\/wp-json\/wp\/v2\/types\/post"}],"author":[{"embeddable":true,"href":"https:\/\/www.radiopresidenteibanez.cl\/web\/wp-json\/wp\/v2\/users\/2"}],"replies":[{"embeddable":true,"href":"https:\/\/www.radiopresidenteibanez.cl\/web\/wp-json\/wp\/v2\/comments?post=19165"}],"version-history":[{"count":0,"href":"https:\/\/www.radiopresidenteibanez.cl\/web\/wp-json\/wp\/v2\/posts\/19165\/revisions"}],"wp:featuredmedia":[{"embeddable":true,"href":"https:\/\/www.radiopresidenteibanez.cl\/web\/wp-json\/wp\/v2\/media\/19166"}],"wp:attachment":[{"href":"https:\/\/www.radiopresidenteibanez.cl\/web\/wp-json\/wp\/v2\/media?parent=19165"}],"wp:term":[{"taxonomy":"category","embeddable":true,"href":"https:\/\/www.radiopresidenteibanez.cl\/web\/wp-json\/wp\/v2\/categories?post=19165"},{"taxonomy":"post_tag","embeddable":true,"href":"https:\/\/www.radiopresidenteibanez.cl\/web\/wp-json\/wp\/v2\/tags?post=19165"}],"curies":[{"name":"wp","href":"https:\/\/api.w.org\/{rel}","templated":true}]}}