{"id":19148,"date":"2021-03-12T03:00:00","date_gmt":"2021-03-12T03:00:00","guid":{"rendered":"https:\/\/www.radiopresidenteibanez.cl\/web\/?p=19148"},"modified":"2021-03-11T22:56:26","modified_gmt":"2021-03-11T22:56:26","slug":"marcela-baratelli-y-aniversario-del-aluvion-del-rio-de-las-minas-los-vecinos-afectados-tuvimos-la-capacidad-para-organizarnos-y-promover-la-inversion-en-infraestructura-publica-adecuada-dan","status":"publish","type":"post","link":"https:\/\/www.radiopresidenteibanez.cl\/web\/marcela-baratelli-y-aniversario-del-aluvion-del-rio-de-las-minas-los-vecinos-afectados-tuvimos-la-capacidad-para-organizarnos-y-promover-la-inversion-en-infraestructura-publica-adecuada-dan\/","title":{"rendered":"MARCELA BARATELLI Y ANIVERSARIO DEL ALUVI\u00d3N DEL R\u00cdO DE LAS MINAS: \u201cLOS VECINOS AFECTADOS TUVIMOS LA CAPACIDAD PARA ORGANIZARNOS Y PROMOVER LA INVERSI\u00d3N EN INFRAESTRUCTURA P\u00daBLICA ADECUADA, D\u00c1NDOLE A NUESTRAS DEMANDAS UN ENFOQUE SIST\u00c9MICO Y MULTIDIMENSIONAL\u201d"},"content":{"rendered":"\n<p>Se cumplen nueve a\u00f1os desde que en la noche del 11 y la madrugada del 12 de marzo de 2012 se produjo el aluvi\u00f3n del R\u00edo de las Minas de Punta Arenas, producto del desborde ocurrido por la intensa lluvia ca\u00edda. El r\u00edo sobrepas\u00f3 la altura del puente de calle Magallanes y casi mil familias de Playa Norte, Barrio Croata y centro de la ciudad sufrieron da\u00f1os totales o parciales en sus viviendas y locales comerciales. Fue una de las grandes tragedias de la capital regional de Magallanes, s\u00f3lo comparable al aluvi\u00f3n del 9 de mayo de 1990.<\/p>\n\n\n\n<p>\t\u201cFue una experiencia brutal para todos\u201d, recuerda una de las afectadas y hoy candidata independiente a convencional constituyente por la Lista del Apruebo, Pacto Unidad Constituyente (YB 16), Marcela Baratelli Cavalli, quien a ra\u00edz de aquello fue vocera&nbsp; y presidi\u00f3 la Agrupaci\u00f3n de Ciudadanos Damnificados (ACDA) por el Aluvi\u00f3n del R\u00edo de las Minas, organizaci\u00f3n vecinal que demand\u00f3, en 2013, ante la Corte de Apelaciones de Punta Arenas (con el patrocinio de los abogados Oscar Gibbons y Carlos Contreras), al Fisco, Gobierno Regional y municipalidad por da\u00f1os y perjuicios. Tres a\u00f1os despu\u00e9s (2016), el Tercer Juzgado de Letras de Punta Arenas fall\u00f3 en favor de los afectados. La Corte Suprema ratific\u00f3 el fallo hace un a\u00f1o (marzo de 2020) y orden\u00f3 al Fisco indemnizar a los vecinos damnificados.<\/p>\n\n\n\n<p>\tEn este nuevo aniversario de la tragedia, la ex presidenta de ACDA, actualmente residente en el sector rural de R\u00edo Seco, recuerda con sentimientos encontrados al R\u00edo de las Minas: cari\u00f1o por el barrio en donde vivi\u00f3 tantos a\u00f1os, el Barrio Croata, y tristeza, por todo el sufrimiento que provoc\u00f3 en su familia y tantas otras, que vieron, de la noche a la ma\u00f1ana, sus casas destruidas. \u201c(\u2026) No dimension\u00e9 lo que estaba pasando (la noche del desborde y aluvi\u00f3n del r\u00edo de las Minas) hasta que vinieron en zodiac a sacarnos. Donde viv\u00edamos era un r\u00edo, literalmente. En el aturdimiento del momento, estaba muy preocupada de poner muchas toallas detr\u00e1s de la puerta para atajar lo inatajable. Porque cuando se abri\u00f3 la puerta de esa casa, entr\u00f3 el r\u00edo con todo. (\u2026) Ese d\u00eda, 969 familias perdimos nuestros hogares. En el transcurso de las semanas siguientes fallecieron seis adultos mayores, que si bien, no podemos decir que fue por la inundaci\u00f3n, pues ten\u00edan enfermedades preexistentes, pero el mismo golpe de lo que pas\u00f3, quiz\u00e1s les afect\u00f3. (\u2026) Y luego empezaron las desinteligencias (\u2026)\u201d, record\u00f3 Baratelli sobre la noche de los hechos.<\/p>\n\n\n\n<p>\tLa candidata independiente a constituyente sostuvo que los organismos gubernamentales de emergencia, como la ONEMI, no avisaron oportunamente a la poblaci\u00f3n para que alcanzaran a evacuar antes de la inundaci\u00f3n, ni tampoco se establecieron protocolos para que los vecinos afectados supieran d\u00f3nde ir o a qui\u00e9n acudir luego de la inundaci\u00f3n. Y, hasta el d\u00eda de hoy, no se instalan se\u00f1al\u00e9tica para evacuaci\u00f3n, ante un eventual desborde y aluvi\u00f3n del R\u00edo de las Minas.<br><\/p>\n\n\n\n<p><strong>INVERSI\u00d3N EN OO.PP.<\/strong><\/p>\n\n\n\n<p>\tSin embargo, la comunicadora destac\u00f3 la capacidad de organizaci\u00f3n de los vecinos afectados. \u201cQuiz\u00e1s, lo m\u00e1s importante que provocamos, como movimiento, fue la concientizaci\u00f3n en los servidores p\u00fablicos, especialmente, cuando fue el cambio de gobierno (del primer gobierno de Sebasti\u00e1n Pi\u00f1era al segundo de Michelle Bachelet), de instalar con mucha fuerza en el grupo de organismos del Estado que ten\u00edan que ver con esto, la necesidad de hacer un trabajo de mejoramiento integral de la cuenca del R\u00edo de las Minas y el cambio de tres puentes. En paralelo, se paviment\u00f3 la puntilla de Playa Norte y se remodelaron las plazas Progreso y Sampaio. Toda esa obra p\u00fablica se traduce en casi 40 mil millones de pesos de mejoramiento para la ciudad (\u2026)\u201d.<\/p>\n\n\n\n<p>\tGracias a dicha inversi\u00f3n en obras p\u00fablicas, hoy Punta Arenas cuenta con una infraestructura que puede funcionar y soportar el aumento del caudal del R\u00edo de las Minas durante 50 a\u00f1os, siempre y cuando se limpie y mantenga su cauce peri\u00f3dicamente, durante todo el a\u00f1o. \u201cEl r\u00edo tiene 19 kil\u00f3metros de largo y una pendiente de 40 grados desde su nacimiento a la ciudad. Por lo tanto, si hay desprendimiento de materiales que no tengan un adecuado mantenimiento, esto puede impactar no s\u00f3lo donde ya nos inundamos, si no, en alg\u00fan otro sector de la ciudad\u201d, indic\u00f3 Baratelli.<\/p>\n\n\n\n<p>\tFinalmente, la candidata independiente por la Lista del Apruebo recalc\u00f3 que hoy se hace m\u00e1s necesario que nunca garantizar en la nueva Constituci\u00f3n Pol\u00edtica de Chile los derechos de la Naturaleza y Medio Ambiente, as\u00ed como \u201cel derecho a vivir en un ambiente ecol\u00f3gico, bien cuidado y protegido. Adem\u00e1s, los seres humanos debemos abandonar la visi\u00f3n antropoc\u00e9ntrica y aprender a considerarnos parte del ecosistema\u201d.<\/p>\n\n\n\n<p><\/p>\n","protected":false},"excerpt":{"rendered":"<p>Se cumplen nueve a\u00f1os desde que en la noche del 11 y la madrugada del 12 de marzo de 2012 se produjo el aluvi\u00f3n del R\u00edo de las Minas de&#8230; <a class=\"read-more\" href=\"https:\/\/www.radiopresidenteibanez.cl\/web\/marcela-baratelli-y-aniversario-del-aluvion-del-rio-de-las-minas-los-vecinos-afectados-tuvimos-la-capacidad-para-organizarnos-y-promover-la-inversion-en-infraestructura-publica-adecuada-dan\/\">Leer m\u00e1s<\/a><\/p>\n","protected":false},"author":2,"featured_media":740,"comment_status":"closed","ping_status":"closed","sticky":false,"template":"","format":"standard","meta":{"footnotes":""},"categories":[1],"tags":[],"class_list":["post-19148","post","type-post","status-publish","format-standard","has-post-thumbnail","hentry","category-cronica"],"_links":{"self":[{"href":"https:\/\/www.radiopresidenteibanez.cl\/web\/wp-json\/wp\/v2\/posts\/19148","targetHints":{"allow":["GET"]}}],"collection":[{"href":"https:\/\/www.radiopresidenteibanez.cl\/web\/wp-json\/wp\/v2\/posts"}],"about":[{"href":"https:\/\/www.radiopresidenteibanez.cl\/web\/wp-json\/wp\/v2\/types\/post"}],"author":[{"embeddable":true,"href":"https:\/\/www.radiopresidenteibanez.cl\/web\/wp-json\/wp\/v2\/users\/2"}],"replies":[{"embeddable":true,"href":"https:\/\/www.radiopresidenteibanez.cl\/web\/wp-json\/wp\/v2\/comments?post=19148"}],"version-history":[{"count":0,"href":"https:\/\/www.radiopresidenteibanez.cl\/web\/wp-json\/wp\/v2\/posts\/19148\/revisions"}],"wp:featuredmedia":[{"embeddable":true,"href":"https:\/\/www.radiopresidenteibanez.cl\/web\/wp-json\/wp\/v2\/media\/740"}],"wp:attachment":[{"href":"https:\/\/www.radiopresidenteibanez.cl\/web\/wp-json\/wp\/v2\/media?parent=19148"}],"wp:term":[{"taxonomy":"category","embeddable":true,"href":"https:\/\/www.radiopresidenteibanez.cl\/web\/wp-json\/wp\/v2\/categories?post=19148"},{"taxonomy":"post_tag","embeddable":true,"href":"https:\/\/www.radiopresidenteibanez.cl\/web\/wp-json\/wp\/v2\/tags?post=19148"}],"curies":[{"name":"wp","href":"https:\/\/api.w.org\/{rel}","templated":true}]}}