{"id":19145,"date":"2021-03-12T02:45:00","date_gmt":"2021-03-12T02:45:00","guid":{"rendered":"https:\/\/www.radiopresidenteibanez.cl\/web\/?p=19145"},"modified":"2021-03-11T22:54:49","modified_gmt":"2021-03-11T22:54:49","slug":"magallanes-inicia-el-viii-censo-nacional-agropecuario-y-forestal","status":"publish","type":"post","link":"https:\/\/www.radiopresidenteibanez.cl\/web\/magallanes-inicia-el-viii-censo-nacional-agropecuario-y-forestal\/","title":{"rendered":"MAGALLANES INICIA EL VIII CENSO NACIONAL AGROPECUARIO Y FORESTAL"},"content":{"rendered":"\n<p>Autoridades regionales,\nencabezadas por la Intendenta de Magallanes, Jenniffer Rojas; seremi de\nEconom\u00eda, Natalia Easton; director regional del SAG, Gerardo Otzen -en\nrepresentaci\u00f3n&nbsp; del Seremi de\nAgricultura, Alfonso Roux- y el director regional&nbsp; de INE, Rodolfo Arecheta, &nbsp;anunciaron el inicio del&nbsp; <strong>VIII Censo\nAgropecuario&nbsp; y Forestal<\/strong> en la regi\u00f3n de Magallanes y Ant\u00e1rtica Chilena, que se extender\u00e1 hasta\nmayo en las regiones de Ays\u00e9n y Magallanes y se prolongar\u00e1 hasta junio entre\nlas regiones de Arica y Parinacota y Los Lagos. <\/p>\n\n\n\n<p>La primera autoridad regional manifest\u00f3 que\nel <strong>VIII Censo Agropecuario y Forestal<\/strong> toma especial importancia\nen Magallanes, y sus resultados: <em>\u201cSe convierte en una herramienta muy\nimportante para un sector productivo relevante para Magallanes, pues se trata\nde la fuente m\u00e1s importante de informaci\u00f3n estad\u00edstica\u201d<\/em>, dijo Rojas.<\/p>\n\n\n\n<p>La Intendenta agreg\u00f3 que, en base a los datos\nobtenidos, <em>\u201cel gobierno, las autoridades y\norganizaciones pueden orientar sus recursos de manera m\u00e1s efectiva para contribuir al desarrollo del sector\nSilvoagropecuario, desde peque\u00f1os horticultores hasta grandes productores\npecuarios y forestales\u201d<\/em>. Adem\u00e1s,\nagreg\u00f3, los resultados del presente Censo entregan informaci\u00f3n para<em> \u201cformular mejores pol\u00edticas p\u00fablicas y\npotenciar el desarrollo rural, p<\/em><em>ermite adem\u00e1s, que todos los\nproductores, independiente del tama\u00f1o de su predio o de su estructura\nproductiva, pueden ser incorporados a la caracterizaci\u00f3n territorial silvoagropecuario\ndel pa\u00eds\u201d.<\/em><\/p>\n\n\n\n<p>La Intendenta acot\u00f3 que el \u00faltimo Censo\nAgropecuario y Forestal se realiz\u00f3 el 2007, por lo que es indispensable\nactualizar las estad\u00edsticas del sector, dada la evoluci\u00f3n productiva y tecnol\u00f3gica\nde m\u00e1s de una d\u00e9cada. Por \u00faltimo, dijo: \u201c<em>H<\/em><em>oy, frente a la contingencia\nsanitaria provocada por la pandemia del COVID-19, el levantamiento en terreno\nha sido reprogramado ya en dos ocasiones, quedando su realizaci\u00f3n agendada a\npartir del <strong>10 de marzo hasta el 12 mayo de 2021 para la Regi\u00f3n de Magallanes\u201d.<\/strong><\/em><\/p>\n\n\n\n<p>El Director del INE, Rodolfo\nArecheta explic\u00f3 que el presente Censo Agropecuario y Forestal \u201csignifica una\nlabor tit\u00e1nica\u201d. Se trata, explic\u00f3, <em>\u201cde\nun levantamiento de casi 5 millones de hect\u00e1reas, mil doscientos productores\ndesplegados en las tres grandes macro zonas de: Ultima Esperanza, Magallanes y\nTierra del Fuego. Por lo cual hago un llamado para que nos brinden su\ncolaboraci\u00f3n\u201d.<\/em><\/p>\n\n\n\n<p>Arecheta agreg\u00f3 que se hace\nnecesario revisar la informaci\u00f3n de casi 13 a\u00f1os, considerando que se han\nactualizado tecnolog\u00edas junto con el cambio clim\u00e1tico <em>\u201cque ha perjudicado mucho a nuestra regi\u00f3n, en todo lo que es la\nproductividad del campo, entonces, se hace necesario revisar la situaci\u00f3n\nactual, tanto de los peque\u00f1os horticultores como los grandes productores pecuarios\nque han sido afectados en sus esmeros. &nbsp;A\nobjeto que \u201cluego de los resultados se puedan encaminar pol\u00edticas p\u00fablicas,\ntanto nacionales como regionales en apoyo del sector\u201d.<\/em><\/p>\n\n\n\n<p>En cuanto a las medidas\nsanitarias, el director del INE expres\u00f3: <em>\u201cHemos\ntomados todos los resguardos posibles. Todos los encuestadores est\u00e1n vacunados y\nestamos coordinados con la Seremi de Salud, para tener un monitoreo permanente\nquincenal para prevenir un posible contagio\u201d.<\/em><\/p>\n\n\n\n<p><strong><em>\u201cHago\nun llamado a los productores chicos, medianos y grandes productores de la\nregi\u00f3n que nos brinde su colaboraci\u00f3n, en este sentido, acoger a nuestros\nrecolectores y supervisores, quienes desde el d\u00eda de hoy se encuentran\ndesplegados dentro de la superficie regional\u201d,<\/em><\/strong><strong> <\/strong>finaliz\u00f3 diciendo Arecheta.<\/p>\n\n\n\n<p>La regi\u00f3n contar\u00e1 con 12 recolectores de informaci\u00f3n y 03\nsupervisores, los que se distribuir\u00e1n de la siguiente manera: 06 recolectores\nde informaci\u00f3n y 01 supervisor en la Provincia de Magallanes; 03 recolectores y\n01 supervisor en \u00daltima Esperanza y 03 recolectores y 01 supervisor en Tierra\ndel Fuego. En el caso de la provincia Ant\u00e1rtica, localidad de Puerto Williams\nse enviar\u00e1 un recolector desde la comuna de Punta Arenas. <\/p>\n\n\n\n<p>La presente versi\u00f3n del censo cuenta con un componente tecnol\u00f3gico\nde gran relevancia, que propicia el operativo en terreno, haci\u00e9ndolo m\u00e1s\neficiente, tanto en el levantamiento de datos, como en el an\u00e1lisis de estos,\nesto a trav\u00e9s de dispositivos m\u00f3viles DMC: Tablets con sistema de GPS\naut\u00f3nomos, sin necesidad de conectividad a Internet. <\/p>\n\n\n\n<p>El operativo en terreno se desarrollar\u00e1 entre el <strong>11 de marzo al\n12 de mayo<\/strong>, otorgando un total de 45 d\u00edas h\u00e1biles para su ejecuci\u00f3n. <strong>En\neste per\u00edodo deben levantarse 5.839 roles, equivalentes a aprox. 1.200\nproductores(as), ya que varios tienen m\u00e1s de un rol predial, distribuidos en\n4.948.915 H\u00e1s<\/strong>. por lo tanto, la gran envergadura del territorio que hay que\nabordar presenta un gran desaf\u00edo. Sumado a lo anterior, es importante mencionar,\nes que el territorio regional cuenta con zonas de dif\u00edcil acceso, como por\nejemplo sectores insulares como Puerto Williams y Puerto Ed\u00e9n, as\u00ed como tambi\u00e9n\nla Pen\u00ednsula Antonio Varas en la provincia de \u00daltima Esperanza. Esta situaci\u00f3n\nconlleva un enorme costo en traslados, por lo que se hace fundamental contar\ncon el apoyo de los mismos productores (UPAS) y autoridades regionales:\nAlcaldes, Gobernadores principalmente, con los cuales ya se tuvo contacto y\nreuniones para abordar los respectivos territorios, con una muy buena recepci\u00f3n\ny apoyo de su parte en todas las provincias y comunas.<\/p>\n","protected":false},"excerpt":{"rendered":"<p>Autoridades regionales, encabezadas por la Intendenta de Magallanes, Jenniffer Rojas; seremi de Econom\u00eda, Natalia Easton; director regional del SAG, Gerardo Otzen -en representaci\u00f3n&nbsp; del Seremi de Agricultura, Alfonso Roux- y&#8230; <a class=\"read-more\" href=\"https:\/\/www.radiopresidenteibanez.cl\/web\/magallanes-inicia-el-viii-censo-nacional-agropecuario-y-forestal\/\">Leer m\u00e1s<\/a><\/p>\n","protected":false},"author":2,"featured_media":19146,"comment_status":"closed","ping_status":"closed","sticky":false,"template":"","format":"standard","meta":{"footnotes":""},"categories":[1],"tags":[],"class_list":["post-19145","post","type-post","status-publish","format-standard","has-post-thumbnail","hentry","category-cronica"],"_links":{"self":[{"href":"https:\/\/www.radiopresidenteibanez.cl\/web\/wp-json\/wp\/v2\/posts\/19145","targetHints":{"allow":["GET"]}}],"collection":[{"href":"https:\/\/www.radiopresidenteibanez.cl\/web\/wp-json\/wp\/v2\/posts"}],"about":[{"href":"https:\/\/www.radiopresidenteibanez.cl\/web\/wp-json\/wp\/v2\/types\/post"}],"author":[{"embeddable":true,"href":"https:\/\/www.radiopresidenteibanez.cl\/web\/wp-json\/wp\/v2\/users\/2"}],"replies":[{"embeddable":true,"href":"https:\/\/www.radiopresidenteibanez.cl\/web\/wp-json\/wp\/v2\/comments?post=19145"}],"version-history":[{"count":0,"href":"https:\/\/www.radiopresidenteibanez.cl\/web\/wp-json\/wp\/v2\/posts\/19145\/revisions"}],"wp:featuredmedia":[{"embeddable":true,"href":"https:\/\/www.radiopresidenteibanez.cl\/web\/wp-json\/wp\/v2\/media\/19146"}],"wp:attachment":[{"href":"https:\/\/www.radiopresidenteibanez.cl\/web\/wp-json\/wp\/v2\/media?parent=19145"}],"wp:term":[{"taxonomy":"category","embeddable":true,"href":"https:\/\/www.radiopresidenteibanez.cl\/web\/wp-json\/wp\/v2\/categories?post=19145"},{"taxonomy":"post_tag","embeddable":true,"href":"https:\/\/www.radiopresidenteibanez.cl\/web\/wp-json\/wp\/v2\/tags?post=19145"}],"curies":[{"name":"wp","href":"https:\/\/api.w.org\/{rel}","templated":true}]}}