{"id":19140,"date":"2021-03-12T02:30:00","date_gmt":"2021-03-12T02:30:00","guid":{"rendered":"https:\/\/www.radiopresidenteibanez.cl\/web\/?p=19140"},"modified":"2021-03-11T16:06:20","modified_gmt":"2021-03-11T16:06:20","slug":"localidad-mas-apartada-de-ultima-esperanza-logra-ansiada-inmunidad-de-rebano","status":"publish","type":"post","link":"https:\/\/www.radiopresidenteibanez.cl\/web\/localidad-mas-apartada-de-ultima-esperanza-logra-ansiada-inmunidad-de-rebano\/","title":{"rendered":"LOCALIDAD M\u00c1S APARTADA DE \u00daLTIMA ESPERANZA LOGRA ANSIADA INMUNIDAD DE REBA\u00d1O"},"content":{"rendered":"\n<p>Hasta el\nmuelle Prat, en la comuna de Natales, lleg\u00f3 el d\u00eda 4 de febrero la gobernadora\nde \u00daltima Esperanza, Ericka Far\u00edas, en compa\u00f1\u00eda de la seremi de Gobierno,\nAlejandra Mu\u00f1oz, el director del Cesfam, Guillermo L\u00f3pez, y el jefe de Salud de\nla Cormunat, Sebasti\u00e1n Ibarrola, para entregar a personal de la Armada, 69\nvacunas Sinovac destinadas a la poblaci\u00f3n de Puerto Ed\u00e9n, cumpliendo as\u00ed la\ninoculaci\u00f3n de la segunda dosis en la localidad m\u00e1s apartada de la provincia.<\/p>\n\n\n\n<p>Por lo\nanterior, el presidente de la Rep\u00fablica Sebasti\u00e1n Pi\u00f1era envi\u00f3, mediante video,\nun mensaje a los habitantes de Puerto Ed\u00e9n y coment\u00f3 que \u201cestas vacunas nos van\na permitir vacunar pr\u00e1cticamente a toda la poblaci\u00f3n de Puerto Ed\u00e9n, por eso\nquiero agradecerles porque han enfrentado y resistido esta pandemia con mucha\nresiliencia y coraje, adem\u00e1s han hecho un proceso de vacunaci\u00f3n que nos ha\ntransformado en un pa\u00eds reconocido y admirado en el mundo entero\u201d.<\/p>\n\n\n\n<p>Por su\nparte, la gobernadora provincial, Ericka Far\u00edas, destac\u00f3 que \u201cestamos muy\ncontentos porque con el env\u00edo de estas dosis de la vacuna a Puerto Ed\u00e9n, se\nest\u00e1 generando una cobertura del 88,5% en el lugar, y con esto, estamos\ncumpliendo con el compromiso del Gobierno de llegar a todos los lugares del\npa\u00eds sin importar lo lejos que puedan estar\u201d.<\/p>\n\n\n\n<p>El\ntraslado de estas dosis implica gran log\u00edstica, ya que producto de la\ngeograf\u00eda, se consideran al menos 20 horas de navegaci\u00f3n por distintos canales\ny el Golfo Almirante Montt. Sobre esto, el Capit\u00e1n de Puerto (s), teniente 1\u00ba Osvaldo\nCuadra, coment\u00f3 que \u201cestamos muy contentos por poder cumplir con la misi\u00f3n de\nllevar las segundas dosis de la vacuna a Puerto Ed\u00e9n. Van a ir en la lancha\nLSR-4422 y posteriormente ser\u00e1n trasladadas en otra lancha r\u00e1pida de la\nCapitan\u00eda de Puerto de Puerto Ed\u00e9n\u201d.<\/p>\n\n\n\n<p>Adem\u00e1s,\ncabe se\u00f1alar que Salud Primaria, ha jugado un papel relevante en todo este\nproceso, por ello, el director del Cesfam de Puerto natales, Guillermo L\u00f3pez,\nagreg\u00f3 que \u201cestamos muy contentos como Centro de Salud Familiar por ser\nresponsables de la vacunaci\u00f3n y enviar estas 69 dosis, llegando al 88,5% de la\npoblaci\u00f3n inmunizada; el porcentaje restante son ni\u00f1os y menores de 18 a\u00f1os,\npor esa raz\u00f3n es que no llegamos al 100%\u201d.<\/p>\n\n\n\n<p>Finalmente,\nla gobernadora se\u00f1al\u00f3 \u201cnos quedamos muy conformes y esperanzados con el hecho\nde que pronto gran parte de Chile estar\u00e1 inoculado. Agradezco a los residentes\nde Puerto Ed\u00e9n por su disposici\u00f3n a formar parte de este proceso, ya que lo que\nestamos viviendo con esta zona, es una muestra de lo que como Gobierno se est\u00e1\nrealizando a nivel pa\u00eds, todo esto con el objetivo de lograr la tan ansiada\ninmunidad de reba\u00f1o\u201d.<\/p>\n","protected":false},"excerpt":{"rendered":"<p>Hasta el muelle Prat, en la comuna de Natales, lleg\u00f3 el d\u00eda 4 de febrero la gobernadora de \u00daltima Esperanza, Ericka Far\u00edas, en compa\u00f1\u00eda de la seremi de Gobierno, Alejandra&#8230; <a class=\"read-more\" href=\"https:\/\/www.radiopresidenteibanez.cl\/web\/localidad-mas-apartada-de-ultima-esperanza-logra-ansiada-inmunidad-de-rebano\/\">Leer m\u00e1s<\/a><\/p>\n","protected":false},"author":2,"featured_media":19141,"comment_status":"closed","ping_status":"closed","sticky":false,"template":"","format":"standard","meta":{"footnotes":""},"categories":[1],"tags":[],"class_list":["post-19140","post","type-post","status-publish","format-standard","has-post-thumbnail","hentry","category-cronica"],"_links":{"self":[{"href":"https:\/\/www.radiopresidenteibanez.cl\/web\/wp-json\/wp\/v2\/posts\/19140","targetHints":{"allow":["GET"]}}],"collection":[{"href":"https:\/\/www.radiopresidenteibanez.cl\/web\/wp-json\/wp\/v2\/posts"}],"about":[{"href":"https:\/\/www.radiopresidenteibanez.cl\/web\/wp-json\/wp\/v2\/types\/post"}],"author":[{"embeddable":true,"href":"https:\/\/www.radiopresidenteibanez.cl\/web\/wp-json\/wp\/v2\/users\/2"}],"replies":[{"embeddable":true,"href":"https:\/\/www.radiopresidenteibanez.cl\/web\/wp-json\/wp\/v2\/comments?post=19140"}],"version-history":[{"count":0,"href":"https:\/\/www.radiopresidenteibanez.cl\/web\/wp-json\/wp\/v2\/posts\/19140\/revisions"}],"wp:featuredmedia":[{"embeddable":true,"href":"https:\/\/www.radiopresidenteibanez.cl\/web\/wp-json\/wp\/v2\/media\/19141"}],"wp:attachment":[{"href":"https:\/\/www.radiopresidenteibanez.cl\/web\/wp-json\/wp\/v2\/media?parent=19140"}],"wp:term":[{"taxonomy":"category","embeddable":true,"href":"https:\/\/www.radiopresidenteibanez.cl\/web\/wp-json\/wp\/v2\/categories?post=19140"},{"taxonomy":"post_tag","embeddable":true,"href":"https:\/\/www.radiopresidenteibanez.cl\/web\/wp-json\/wp\/v2\/tags?post=19140"}],"curies":[{"name":"wp","href":"https:\/\/api.w.org\/{rel}","templated":true}]}}