{"id":19134,"date":"2021-03-12T02:00:00","date_gmt":"2021-03-12T02:00:00","guid":{"rendered":"https:\/\/www.radiopresidenteibanez.cl\/web\/?p=19134"},"modified":"2021-03-11T15:57:44","modified_gmt":"2021-03-11T15:57:44","slug":"cinco-hospitales-de-la-region-de-magallanes-y-de-la-antartica-chilena-seran-beneficiados-con-5g","status":"publish","type":"post","link":"https:\/\/www.radiopresidenteibanez.cl\/web\/cinco-hospitales-de-la-region-de-magallanes-y-de-la-antartica-chilena-seran-beneficiados-con-5g\/","title":{"rendered":"CINCO HOSPITALES DE LA REGI\u00d3N DE MAGALLANES Y DE LA ANT\u00c1RTICA CHILENA SER\u00c1N BENEFICIADOS CON 5G"},"content":{"rendered":"\n<p>De acuerdo con las bases de los Concursos P\u00fablicos 5G\nelaborados por la Subsecretar\u00eda de Telecomunicaciones (SUBTEL), los cuales recaudaron\nen total la hist\u00f3rica suma de USD 453 millones para el Estado, cinco hospitales\nde la Regi\u00f3n de Magallanes y de la Ant\u00e1rtica Chilena ser\u00e1n beneficiados con\ndicha tecnolog\u00eda de manera obligatoria. Estos corresponden al Hospital Cl\u00ednico\nde Magallanes Dr. Lautaro Navarro Avaria (comuna de Punta Arenas); Hospital Dr.\nAugusto Essmann Burgos (comuna de Natales); Hospital Dr. Marco Antonio Chamorro\n(comuna de Porvenir); Hospital Naval (comuna de Puerto Williams); y Hospital\nComunitario Cristina Calder\u00f3n (comuna de Puerto Williams).<\/p>\n\n\n\n<p>\u201cEstamos trabajando para reducir la brecha digital y\nentregar cada d\u00eda m\u00e1s conectividad digital a los ciudadanos. Entendemos que\nesta \u00faltima es una necesidad b\u00e1sica y lo ha puesto de manifiesto la pandemia.\nEn esta l\u00ednea, el Concurso P\u00fablico 5G es fundamental, ya que no solo va a\npermitir el despliegue de esta tecnolog\u00eda en Chile, sino que tambi\u00e9n, incluye\ncontraprestaciones que permiten integrar a m\u00e1s personas a la era digital, pues\nse obliga conectar a 199 hospitales p\u00fablicos con dicha red y a 366 localidades\ncon Internet de alta velocidad\u00bb, indic\u00f3 la Ministra de Transportes y\nTelecomunicaciones, Gloria Hutt, quien agreg\u00f3 que \u00abel 5G tendr\u00e1 un impacto\nde gran alcance tanto en la calidad de vida de las personas como en la productividad\nde las distintas industrias\u00bb.<\/p>\n\n\n\n<p>En tanto, la Subsecretaria de Telecomunicaciones, Pamela\nGidi, se\u00f1al\u00f3 que \u201cel 5G supone una revoluci\u00f3n que va much\u00edsimo m\u00e1s all\u00e1 de un\nnuevo est\u00e1ndar de conexi\u00f3n en tecnolog\u00eda m\u00f3vil, m\u00e1s bien se trata de una\nrevoluci\u00f3n tecnol\u00f3gica que mejorar\u00e1 la calidad de conexi\u00f3n de los usuarios e\nimpulsar\u00e1 distintos sectores productivos como el comercio y la manufactura,\nadem\u00e1s de la medicina. En esta l\u00ednea, esta tecnolog\u00eda no solo permitir\u00e1 el\ndesarrollo de cirug\u00edas a distancia y hacer telediagn\u00f3sticos; sino que tambi\u00e9n,\nhacer m\u00e1s eficiente la gesti\u00f3n al interior de los centros m\u00e9dicos. Por ejemplo,\nun doctor podr\u00e1 realizar una ecograf\u00eda en alta resoluci\u00f3n y en tiempo real&nbsp; a&nbsp;\npacientes que se encuentran a cientos de kil\u00f3metros de distancia\u201d.<\/p>\n\n\n\n<p>&nbsp;\u201cCuando nuestros\ncentros asistenciales accedan a la banda 5G, podremos acortar la gran distancia\nque los separa f\u00edsicamente del Hospital Cl\u00ednico en Punta Arenas. Se acceder\u00e1 a\nla atenci\u00f3n profesional de manera remota, disminuyendo los costos que implica\ntanto para los establecimientos de salud como para los pacientes, su traslado\ndesde las zonas m\u00e1s apartadas de nuestra regi\u00f3n\u201d, sostuvo el Seremi de\nTransportes y Telecomunicaciones de la Regi\u00f3n de Magallanes y de la Ant\u00e1rtica\nChilena Marco Mella.<\/p>\n\n\n\n<p>Se estima que el 100% de los hospitales estar\u00e1n\nconectados a lo m\u00e1s tardar un a\u00f1o despu\u00e9s que comience el despliegue de la\ntecnolog\u00eda 5G en el pa\u00eds, el cual inicia el segundo semestre de este a\u00f1o.<\/p>\n\n\n\n<p><strong>Licitaci\u00f3n 5G<\/strong><\/p>\n\n\n\n<p>Los Concursos P\u00fablicos para el desarrollo de redes 5G\nrecaudaron en total la hist\u00f3rica suma de USD 453 millones para el Estado. Esta\ncifra supera con creces los USD 74 millones obtenidos en las licitaciones de\nespectro realizadas en toda la historia a nivel nacional.<\/p>\n\n\n\n<p>De esta manera, Chile, adem\u00e1s de ser el primero en la\nregi\u00f3n en concursar espectro para el 5G y el pa\u00eds sudamericano que mayor\ncantidad de espectro ha disponibilizado para ser concursado (1.800 MHz), ahora\nestableci\u00f3 una nueva marca de recaudaci\u00f3n en el sector.<\/p>\n","protected":false},"excerpt":{"rendered":"<p>De acuerdo con las bases de los Concursos P\u00fablicos 5G elaborados por la Subsecretar\u00eda de Telecomunicaciones (SUBTEL), los cuales recaudaron en total la hist\u00f3rica suma de USD 453 millones para&#8230; <a class=\"read-more\" href=\"https:\/\/www.radiopresidenteibanez.cl\/web\/cinco-hospitales-de-la-region-de-magallanes-y-de-la-antartica-chilena-seran-beneficiados-con-5g\/\">Leer m\u00e1s<\/a><\/p>\n","protected":false},"author":2,"featured_media":19135,"comment_status":"closed","ping_status":"closed","sticky":false,"template":"","format":"standard","meta":{"footnotes":""},"categories":[1],"tags":[],"class_list":["post-19134","post","type-post","status-publish","format-standard","has-post-thumbnail","hentry","category-cronica"],"_links":{"self":[{"href":"https:\/\/www.radiopresidenteibanez.cl\/web\/wp-json\/wp\/v2\/posts\/19134","targetHints":{"allow":["GET"]}}],"collection":[{"href":"https:\/\/www.radiopresidenteibanez.cl\/web\/wp-json\/wp\/v2\/posts"}],"about":[{"href":"https:\/\/www.radiopresidenteibanez.cl\/web\/wp-json\/wp\/v2\/types\/post"}],"author":[{"embeddable":true,"href":"https:\/\/www.radiopresidenteibanez.cl\/web\/wp-json\/wp\/v2\/users\/2"}],"replies":[{"embeddable":true,"href":"https:\/\/www.radiopresidenteibanez.cl\/web\/wp-json\/wp\/v2\/comments?post=19134"}],"version-history":[{"count":0,"href":"https:\/\/www.radiopresidenteibanez.cl\/web\/wp-json\/wp\/v2\/posts\/19134\/revisions"}],"wp:featuredmedia":[{"embeddable":true,"href":"https:\/\/www.radiopresidenteibanez.cl\/web\/wp-json\/wp\/v2\/media\/19135"}],"wp:attachment":[{"href":"https:\/\/www.radiopresidenteibanez.cl\/web\/wp-json\/wp\/v2\/media?parent=19134"}],"wp:term":[{"taxonomy":"category","embeddable":true,"href":"https:\/\/www.radiopresidenteibanez.cl\/web\/wp-json\/wp\/v2\/categories?post=19134"},{"taxonomy":"post_tag","embeddable":true,"href":"https:\/\/www.radiopresidenteibanez.cl\/web\/wp-json\/wp\/v2\/tags?post=19134"}],"curies":[{"name":"wp","href":"https:\/\/api.w.org\/{rel}","templated":true}]}}