{"id":19130,"date":"2021-03-11T04:15:00","date_gmt":"2021-03-11T04:15:00","guid":{"rendered":"https:\/\/www.radiopresidenteibanez.cl\/web\/?p=19130"},"modified":"2021-03-10T20:12:34","modified_gmt":"2021-03-10T20:12:34","slug":"conaf-inicio-reapertura-del-parque-nacional-pali-aike","status":"publish","type":"post","link":"https:\/\/www.radiopresidenteibanez.cl\/web\/conaf-inicio-reapertura-del-parque-nacional-pali-aike\/","title":{"rendered":"CONAF INICI\u00d3 REAPERTURA DEL PARQUE NACIONAL PALI AIKE"},"content":{"rendered":"\n<p>Tras permanecer casi un a\u00f1o cerrado al p\u00fablico,&nbsp; la Corporaci\u00f3n Nacional Forestal (CONAF) en Magallanes inici\u00f3 esta semana la reapertura del Parque Nacional Pali Aike.<\/p>\n\n\n\n<p>Ubicada en las cercan\u00edas de la comuna de San Gregorio, el Parque &nbsp;Nacional Pali Aike se convierte en la quinta \u00e1rea silvestre protegida administrada por CONAF que es reabierta al p\u00fablico, sum\u00e1ndose al Parque Nacional Torres del Paine, Monumento Natural Cueva del Milod\u00f3n, Reserva Nacional Magallanes y Reserva Nacional Laguna Parrillar.<\/p>\n\n\n\n<p>Si bien la cercan\u00eda con San Gregorio, comuna que actualmente se encuentra en la fase 4 del plan del Ministerio de Salud Paso a Paso, permit\u00eda una m\u00e1s temprana reapertura, \u00e9sta no se concret\u00f3 por la complejidad de las fases en que se encontraban las comunas aleda\u00f1as.<\/p>\n\n\n\n<p>Sin embargo, la evaluaci\u00f3n coordinada entre CONAF y las instituciones vinculadas a este proceso, concluyeron que era ya factible iniciar el proceso de reapertura del Parque Nacional Pali Aike, el cual estar\u00e1 abierto de lunes a domingo desde las 9:00 hasta las 19:00 hrs.<\/p>\n\n\n\n<p>Considerado como un parque de gran riqueza arqueol\u00f3gica y natural, el pasado mes de octubre del 2020 cumpli\u00f3 50 a\u00f1os de existencia, hito que no pudo celebrarse como estaba planificado debido al contexto ocasionado por la pandemia del Covid-19.<\/p>\n\n\n\n<p>El nombre Pali Aike significa \u00ablugar desolado\u00bb en a\u00f3nikenk, lengua utilizada por las etnias originarias de este sector de la Patagonia; aunque tambi\u00e9n se le conoce como \u00abEl Escorial del Diablo\u00bb ya que&nbsp; ten\u00edan mucho respeto por esta \u00e1rea al ser lugares de volcanes.<\/p>\n\n\n\n<p>Se ubica a 196 kil\u00f3metros de Punta Arenas por la Ruta Internacional N\u00b0 255, intern\u00e1ndose 26 kil\u00f3metros a partir de la Villa Punta Delgada, por la ruta Y 405 en la comuna de San Gregorio, formando parte de la denominada ruta de los parques de La Patagonia, la cual est\u00e1 constituida por 17 parques desde Puerto Montt a Cabo de Hornos integrando la Carretera Austral con los Canales Patag\u00f3nicos y la Ruta del Fin del Mundo.<\/p>\n\n\n\n<p>El Parque Nacional Pali Aike cuenta con una red de senderos de 18 kil\u00f3metros, de los cuales se dividen en un sendero de car\u00e1cter cultural de 600 metros conocido como Cueva de Pali Aike donde se encuentra toda la informaci\u00f3n necesaria relacionada con la etnia&nbsp; Aonikenk.<br><\/p>\n","protected":false},"excerpt":{"rendered":"<p>Tras permanecer casi un a\u00f1o cerrado al p\u00fablico,&nbsp; la Corporaci\u00f3n Nacional Forestal (CONAF) en Magallanes inici\u00f3 esta semana la reapertura del Parque Nacional Pali Aike. Ubicada en las cercan\u00edas de&#8230; <a class=\"read-more\" href=\"https:\/\/www.radiopresidenteibanez.cl\/web\/conaf-inicio-reapertura-del-parque-nacional-pali-aike\/\">Leer m\u00e1s<\/a><\/p>\n","protected":false},"author":2,"featured_media":19131,"comment_status":"closed","ping_status":"closed","sticky":false,"template":"","format":"standard","meta":{"footnotes":""},"categories":[1],"tags":[],"class_list":["post-19130","post","type-post","status-publish","format-standard","has-post-thumbnail","hentry","category-cronica"],"_links":{"self":[{"href":"https:\/\/www.radiopresidenteibanez.cl\/web\/wp-json\/wp\/v2\/posts\/19130","targetHints":{"allow":["GET"]}}],"collection":[{"href":"https:\/\/www.radiopresidenteibanez.cl\/web\/wp-json\/wp\/v2\/posts"}],"about":[{"href":"https:\/\/www.radiopresidenteibanez.cl\/web\/wp-json\/wp\/v2\/types\/post"}],"author":[{"embeddable":true,"href":"https:\/\/www.radiopresidenteibanez.cl\/web\/wp-json\/wp\/v2\/users\/2"}],"replies":[{"embeddable":true,"href":"https:\/\/www.radiopresidenteibanez.cl\/web\/wp-json\/wp\/v2\/comments?post=19130"}],"version-history":[{"count":0,"href":"https:\/\/www.radiopresidenteibanez.cl\/web\/wp-json\/wp\/v2\/posts\/19130\/revisions"}],"wp:featuredmedia":[{"embeddable":true,"href":"https:\/\/www.radiopresidenteibanez.cl\/web\/wp-json\/wp\/v2\/media\/19131"}],"wp:attachment":[{"href":"https:\/\/www.radiopresidenteibanez.cl\/web\/wp-json\/wp\/v2\/media?parent=19130"}],"wp:term":[{"taxonomy":"category","embeddable":true,"href":"https:\/\/www.radiopresidenteibanez.cl\/web\/wp-json\/wp\/v2\/categories?post=19130"},{"taxonomy":"post_tag","embeddable":true,"href":"https:\/\/www.radiopresidenteibanez.cl\/web\/wp-json\/wp\/v2\/tags?post=19130"}],"curies":[{"name":"wp","href":"https:\/\/api.w.org\/{rel}","templated":true}]}}