{"id":19127,"date":"2021-03-11T04:00:00","date_gmt":"2021-03-11T04:00:00","guid":{"rendered":"https:\/\/www.radiopresidenteibanez.cl\/web\/?p=19127"},"modified":"2021-03-10T20:09:41","modified_gmt":"2021-03-10T20:09:41","slug":"se-otorgaron-90-dias-de-plazo-para-la-investigacion-en-prision-preventiva-quedaron-3-sujetos-al-ser-formalizados-por-trafico-de-droga-y-cultivo-y-cosecha-de-cannabis","status":"publish","type":"post","link":"https:\/\/www.radiopresidenteibanez.cl\/web\/se-otorgaron-90-dias-de-plazo-para-la-investigacion-en-prision-preventiva-quedaron-3-sujetos-al-ser-formalizados-por-trafico-de-droga-y-cultivo-y-cosecha-de-cannabis\/","title":{"rendered":"SE OTORGARON 90 D\u00cdAS DE PLAZO PARA LA INVESTIGACI\u00d3N  EN PRISI\u00d3N PREVENTIVA QUEDARON 3 SUJETOS AL SER FORMALIZADOS POR TR\u00c1FICO DE DROGA Y CULTIVO Y COSECHA DE CANNABIS"},"content":{"rendered":"\n<p>En prisi\u00f3n preventiva\nquedaron, hoy, Jonathan Bustamante Puchi,&nbsp;\nFernando Puchi Riquelme y Mar\u00eda Susana de las Mercedes Navarro, luego\nde ser &nbsp;formalizados, como autores de los delitos de tr\u00e1fico il\u00edcito de drogas y\nde plantaci\u00f3n, cultivo y cosecha, sin\nautorizaci\u00f3n, de cannabis sativa.<\/p>\n\n\n\n<p>Durante la audiencia, la Fiscal Wendoline Acu\u00f1a, le\ncomunic\u00f3 a los imputados &nbsp;que la Fiscal\u00eda\nsigue una investigaci\u00f3n en su contra por los hechos perpetrados el d\u00eda 9 de marzo, a eso de las 16:00 horas, cuando personal\nde la secci\u00f3n OS7 de Carabineros ingres\u00f3 a un domicilio ubicado en Pasaje Jos\u00e9\nRobert detectando &nbsp;en cuatro dependencias\ndel inmueble, sistemas completamente acondicionado para el cultivo indoor, como\ntambi\u00e9n la cantidad total de 154 plantas de g\u00e9nero cannabis sativa en proceso\nde cultivo y crecimiento encontr\u00e1ndose all\u00ed Bustamante Puchi, quien manten\u00eda en el\ninterior de su habitaci\u00f3n una balanza digital, concurriendo luego a otro\ndomicilio en calle Jos\u00e9 Santos Mardones el que era arrendado por la imputada y\nen el cual estaba Puchi Riquelme, detectando\nall\u00ed un bolso de cuero de color caf\u00e9 que en su interior manten\u00eda 66 bolsas\npeque\u00f1as tipo ziploc con&nbsp; clorhidrato de\ncoca\u00edna.<\/p>\n\n\n\n<p>El Tribunal de\nGarant\u00eda, otorg\u00f3 un&nbsp;\nplazo de investigaci\u00f3n de 90 d\u00edas de investigaci\u00f3n en esta causa.<\/p>\n","protected":false},"excerpt":{"rendered":"<p>En prisi\u00f3n preventiva quedaron, hoy, Jonathan Bustamante Puchi,&nbsp; Fernando Puchi Riquelme y Mar\u00eda Susana de las Mercedes Navarro, luego de ser &nbsp;formalizados, como autores de los delitos de tr\u00e1fico il\u00edcito&#8230; <a class=\"read-more\" href=\"https:\/\/www.radiopresidenteibanez.cl\/web\/se-otorgaron-90-dias-de-plazo-para-la-investigacion-en-prision-preventiva-quedaron-3-sujetos-al-ser-formalizados-por-trafico-de-droga-y-cultivo-y-cosecha-de-cannabis\/\">Leer m\u00e1s<\/a><\/p>\n","protected":false},"author":2,"featured_media":19128,"comment_status":"closed","ping_status":"closed","sticky":false,"template":"","format":"standard","meta":{"footnotes":""},"categories":[1],"tags":[],"class_list":["post-19127","post","type-post","status-publish","format-standard","has-post-thumbnail","hentry","category-cronica"],"_links":{"self":[{"href":"https:\/\/www.radiopresidenteibanez.cl\/web\/wp-json\/wp\/v2\/posts\/19127","targetHints":{"allow":["GET"]}}],"collection":[{"href":"https:\/\/www.radiopresidenteibanez.cl\/web\/wp-json\/wp\/v2\/posts"}],"about":[{"href":"https:\/\/www.radiopresidenteibanez.cl\/web\/wp-json\/wp\/v2\/types\/post"}],"author":[{"embeddable":true,"href":"https:\/\/www.radiopresidenteibanez.cl\/web\/wp-json\/wp\/v2\/users\/2"}],"replies":[{"embeddable":true,"href":"https:\/\/www.radiopresidenteibanez.cl\/web\/wp-json\/wp\/v2\/comments?post=19127"}],"version-history":[{"count":0,"href":"https:\/\/www.radiopresidenteibanez.cl\/web\/wp-json\/wp\/v2\/posts\/19127\/revisions"}],"wp:featuredmedia":[{"embeddable":true,"href":"https:\/\/www.radiopresidenteibanez.cl\/web\/wp-json\/wp\/v2\/media\/19128"}],"wp:attachment":[{"href":"https:\/\/www.radiopresidenteibanez.cl\/web\/wp-json\/wp\/v2\/media?parent=19127"}],"wp:term":[{"taxonomy":"category","embeddable":true,"href":"https:\/\/www.radiopresidenteibanez.cl\/web\/wp-json\/wp\/v2\/categories?post=19127"},{"taxonomy":"post_tag","embeddable":true,"href":"https:\/\/www.radiopresidenteibanez.cl\/web\/wp-json\/wp\/v2\/tags?post=19127"}],"curies":[{"name":"wp","href":"https:\/\/api.w.org\/{rel}","templated":true}]}}