{"id":19115,"date":"2021-03-11T02:45:00","date_gmt":"2021-03-11T02:45:00","guid":{"rendered":"https:\/\/www.radiopresidenteibanez.cl\/web\/?p=19115"},"modified":"2021-03-10T17:22:15","modified_gmt":"2021-03-10T17:22:15","slug":"hasta-el-14-de-marzo-se-extendera-el-pago-del-aporte-familiar-permanente-para-segundo-grupo-beneficiario","status":"publish","type":"post","link":"https:\/\/www.radiopresidenteibanez.cl\/web\/hasta-el-14-de-marzo-se-extendera-el-pago-del-aporte-familiar-permanente-para-segundo-grupo-beneficiario\/","title":{"rendered":"HASTA EL 14 DE MARZO SE EXTENDER\u00c1 EL PAGO DEL APORTE FAMILIAR PERMANENTE PARA SEGUNDO GRUPO BENEFICIARIO"},"content":{"rendered":"\n<p>Hasta el pr\u00f3ximo domingo (14 de marzo) se extender\u00e1 el pago\ndel Aporte Familiar Permanente, tambi\u00e9n conocido como Ex Bono Marzo, para el\nsegundo grupo beneficiado, que asciende a 2.516 familias a nivel regional.<\/p>\n\n\n\n<p>\u201cRecordemos que el monto del Aporte Familiar Permanente,\neste a\u00f1o, es de $49.184 pesos en un esfuerzo importante del Gobierno del\nPresidente Sebasti\u00e1n Pi\u00f1era. Cada vez queremos ampliar m\u00e1s el margen de\nnuestros beneficiarios\u201d, afirm\u00f3 la seremi del Trabajo y Previsi\u00f3n Social,\nVictoria Cort\u00e9s Schiattino, agregando que el n\u00famero de aportes que se pagar\u00e1n\nser\u00e1 de 5.614, lo que para el Estado significa un desembolso de 276 millones\n118 mil 976 pesos.<\/p>\n\n\n\n<p>El director regional del Instituto de Previsi\u00f3n Social,\nEduardo Barahona Kompatzki, indic\u00f3 que \u201ces importante que la gente sepa que hay\nun plazo de 9 meses para que la gente cobre este aporte, y si requiere\ninformaci\u00f3n, no es necesario venir a la sucursal, sino que tambi\u00e9n pueden\nbuscar la informaci\u00f3n en www.aportefamiliar.cl, en caso de que tengan dudas,\nsimplemente pueden ingresar su Rut y ver c\u00f3mo lo puede obtener y en qu\u00e9 fecha\nlo puede recibir\u201d.<\/p>\n\n\n\n<p>Finalmente, la seremi (S) de Desarrollo Social y Familia,\nCatalina Alarc\u00f3n, se\u00f1al\u00f3 que \u201cdebido a que esta ayuda econ\u00f3mica es destinada a\nlas familias con menores ingresos, este beneficio es entregado por nuestro\nministerio de forma autom\u00e1tica, es decir sin proceso de postulaci\u00f3n. S\u00f3lo se\ndeben cumplir con los requisitos que son identificados a trav\u00e9s del Registro\nSocial de Hogares (RSH), y que se relacionan con las cargas familiares que\ntienen los beneficiarios. Este apoyo integra la importante Red de Protecci\u00f3n\nSocial impulsada por el Gobierno, que ha alcanzado de manera directa a 15\nmillones de personas\u201d.<\/p>\n\n\n\n<p>Beneficiados<\/p>\n\n\n\n<p>En este segundo grupo, que se extiende entre el 1 y el 14 de\nmarzo, ser\u00e1n beneficiadas las siguientes personas:<\/p>\n\n\n\n<p>&#8211; Quienes durante ese per\u00edodo (primera mitad de cada mes)\nreciban pagos por Subsidio \u00danico Familiar (SUF), Chile Solidario o por el\nSubsistema de Seguridades y Oportunidades (Ingreso \u00c9tico Familiar) a trav\u00e9s del\nIPS.<\/p>\n\n\n\n<p>&#8211; Tambi\u00e9n se pagar\u00e1 durante todo el mes de marzo a los\npensionados del Instituto de Previsi\u00f3n Social (IPS) con cargas familiares.<\/p>\n\n\n\n<p>El pago lo recibir\u00e1n en su mismo lugar y fecha de pago\nhabitual, sin necesidad de hacer ning\u00fan tr\u00e1mite.<\/p>\n\n\n\n<p>En el tercer grupo, que inicia el 15 de marzo, lo recibir\u00e1n:<\/p>\n\n\n\n<p>&#8211; Quienes reciben Asignaci\u00f3n Familiar o Maternal por sus\ncargas familiares, ya sean trabajadores cuyos empleadores realizan compensaci\u00f3n\nen el IPS o trabajadores y pensionados de entidades distintas al IPS.<\/p>\n\n\n\n<p>Deben consultar su fecha y forma de pago desde el 15 de\nmarzo en www.aportefamiliar.cl, ingresando su Rut y fecha de nacimiento.<\/p>\n","protected":false},"excerpt":{"rendered":"<p>Hasta el pr\u00f3ximo domingo (14 de marzo) se extender\u00e1 el pago del Aporte Familiar Permanente, tambi\u00e9n conocido como Ex Bono Marzo, para el segundo grupo beneficiado, que asciende a 2.516&#8230; <a class=\"read-more\" href=\"https:\/\/www.radiopresidenteibanez.cl\/web\/hasta-el-14-de-marzo-se-extendera-el-pago-del-aporte-familiar-permanente-para-segundo-grupo-beneficiario\/\">Leer m\u00e1s<\/a><\/p>\n","protected":false},"author":2,"featured_media":19116,"comment_status":"closed","ping_status":"closed","sticky":false,"template":"","format":"standard","meta":{"footnotes":""},"categories":[1],"tags":[],"class_list":["post-19115","post","type-post","status-publish","format-standard","has-post-thumbnail","hentry","category-cronica"],"_links":{"self":[{"href":"https:\/\/www.radiopresidenteibanez.cl\/web\/wp-json\/wp\/v2\/posts\/19115","targetHints":{"allow":["GET"]}}],"collection":[{"href":"https:\/\/www.radiopresidenteibanez.cl\/web\/wp-json\/wp\/v2\/posts"}],"about":[{"href":"https:\/\/www.radiopresidenteibanez.cl\/web\/wp-json\/wp\/v2\/types\/post"}],"author":[{"embeddable":true,"href":"https:\/\/www.radiopresidenteibanez.cl\/web\/wp-json\/wp\/v2\/users\/2"}],"replies":[{"embeddable":true,"href":"https:\/\/www.radiopresidenteibanez.cl\/web\/wp-json\/wp\/v2\/comments?post=19115"}],"version-history":[{"count":0,"href":"https:\/\/www.radiopresidenteibanez.cl\/web\/wp-json\/wp\/v2\/posts\/19115\/revisions"}],"wp:featuredmedia":[{"embeddable":true,"href":"https:\/\/www.radiopresidenteibanez.cl\/web\/wp-json\/wp\/v2\/media\/19116"}],"wp:attachment":[{"href":"https:\/\/www.radiopresidenteibanez.cl\/web\/wp-json\/wp\/v2\/media?parent=19115"}],"wp:term":[{"taxonomy":"category","embeddable":true,"href":"https:\/\/www.radiopresidenteibanez.cl\/web\/wp-json\/wp\/v2\/categories?post=19115"},{"taxonomy":"post_tag","embeddable":true,"href":"https:\/\/www.radiopresidenteibanez.cl\/web\/wp-json\/wp\/v2\/tags?post=19115"}],"curies":[{"name":"wp","href":"https:\/\/api.w.org\/{rel}","templated":true}]}}