{"id":19112,"date":"2021-03-11T02:00:00","date_gmt":"2021-03-11T02:00:00","guid":{"rendered":"https:\/\/www.radiopresidenteibanez.cl\/web\/?p=19112"},"modified":"2021-03-10T17:18:03","modified_gmt":"2021-03-10T17:18:03","slug":"en-definitiva-el-15-de-abril-seria-la-fecha-exacta-del-retorno-a-clases-presenciales-en-la-ciudad-de-porvenir","status":"publish","type":"post","link":"https:\/\/www.radiopresidenteibanez.cl\/web\/en-definitiva-el-15-de-abril-seria-la-fecha-exacta-del-retorno-a-clases-presenciales-en-la-ciudad-de-porvenir\/","title":{"rendered":"EN DEFINITIVA, EL 15 DE ABRIL SER\u00cdA LA FECHA EXACTA DEL RETORNO A CLASES PRESENCIALES EN LA CIUDAD DE PORVENIR"},"content":{"rendered":"\n<p>Hasta el Liceo bicentenario Hernando\nde Magallanes de porvenir, lleg\u00f3 el Seremi de educaci\u00f3n en donde se reuni\u00f3 con\ndiversas autoridades locales abordaron la vuelta presencial a clases de dicha\ncomuna que ya se encuentra en fase de apertura inicial.<\/p>\n\n\n\n<p>El Seremi de educaci\u00f3n Rodrigo\nSep\u00falveda, se\u00f1al\u00f3 que \u201cel compromiso al que se lleg\u00f3 es que el d\u00eda 15 de abril se\npueda ya estar trabajando en forma presencial en los establecimientos\neducacionales de la comuna\u201d.<\/p>\n\n\n\n<p>Por su parte la alcaldesa Marisol\nAndrade C\u00e1rdenas, dijo que \u201cantes de la fecha acordada era imposible el\nretorno, b\u00e1sicamente por los trabajos que se est\u00e1n ejecutando y por lo tanto\npara un retorno seguro vamos a habilitar un sector de la escuela, pero ser\u00eda\npara despu\u00e9s del 15 de abril, mientras que en el liceo Bicentenario Hernando de\nMagallanes en un par de semanas m\u00e1s se estar\u00e1n iniciando las clases presenciales\u201d.<\/p>\n\n\n\n<p>Precisamente en la escuela Bernardo O\u2019Higgins\nde la comuna se est\u00e1n realizando arreglos por lo que se ha retrasado la\nposibilidad de volver a las aulas.<\/p>\n\n\n\n<p>Agreg\u00f3, el jefe de la cartera de\neducci\u00f3n regional que \u201clas obras nos impiden el poder estar con clases\npresenciales, pero ya est\u00e1n trabajando v\u00eda online y tambi\u00e9n con gu\u00edas y apoyo a\nlos alumnos, as\u00ed que le pedimos a los pap\u00e1s tranquilidad mucha comprensi\u00f3n,\npero estamos trabajando todos juntos para volver lo antes posible y a la\nvelocidad m\u00e1s r\u00e1pida posible a clases presenciales en la comuna\u201d.<\/p>\n\n\n\n<p>Claro que desde el municipio ya\nbarajan una vuelta paulatina a las aulas tanto en el liceo bicentenario como en\nla escuela Bernardo O\u2019Higgins.<\/p>\n\n\n\n<p>En ambos establecimientos educacionales\nse ha pensado solamente en los cursos superiores, en el liceo los cuartos\nmedios y en la escuela Bernardo O\u2019Higgins para los octavos, despu\u00e9s l\u00f3gicamente\nque en el liceo como es un lugar que no tiene problemas de hacinamiento, se ir\u00e1\nen forma progresiva avanzando a terceros, segundos y hasta llegar a los alumnos\nde primer a\u00f1o de ense\u00f1anza media.<\/p>\n\n\n\n<p>15 de abril, es la fecha tentativa en\nla que podr\u00edan volver a los establecimientos educacionales los estudiantes de\nla comuna de Porvenir, que pese a estar en la fase 4 del plan paso a paso las\nclases presenciales han sufrido un retraso. <\/p>\n","protected":false},"excerpt":{"rendered":"<p>Hasta el Liceo bicentenario Hernando de Magallanes de porvenir, lleg\u00f3 el Seremi de educaci\u00f3n en donde se reuni\u00f3 con diversas autoridades locales abordaron la vuelta presencial a clases de dicha&#8230; <a class=\"read-more\" href=\"https:\/\/www.radiopresidenteibanez.cl\/web\/en-definitiva-el-15-de-abril-seria-la-fecha-exacta-del-retorno-a-clases-presenciales-en-la-ciudad-de-porvenir\/\">Leer m\u00e1s<\/a><\/p>\n","protected":false},"author":2,"featured_media":19113,"comment_status":"closed","ping_status":"closed","sticky":false,"template":"","format":"standard","meta":{"footnotes":""},"categories":[1],"tags":[],"class_list":["post-19112","post","type-post","status-publish","format-standard","has-post-thumbnail","hentry","category-cronica"],"_links":{"self":[{"href":"https:\/\/www.radiopresidenteibanez.cl\/web\/wp-json\/wp\/v2\/posts\/19112","targetHints":{"allow":["GET"]}}],"collection":[{"href":"https:\/\/www.radiopresidenteibanez.cl\/web\/wp-json\/wp\/v2\/posts"}],"about":[{"href":"https:\/\/www.radiopresidenteibanez.cl\/web\/wp-json\/wp\/v2\/types\/post"}],"author":[{"embeddable":true,"href":"https:\/\/www.radiopresidenteibanez.cl\/web\/wp-json\/wp\/v2\/users\/2"}],"replies":[{"embeddable":true,"href":"https:\/\/www.radiopresidenteibanez.cl\/web\/wp-json\/wp\/v2\/comments?post=19112"}],"version-history":[{"count":0,"href":"https:\/\/www.radiopresidenteibanez.cl\/web\/wp-json\/wp\/v2\/posts\/19112\/revisions"}],"wp:featuredmedia":[{"embeddable":true,"href":"https:\/\/www.radiopresidenteibanez.cl\/web\/wp-json\/wp\/v2\/media\/19113"}],"wp:attachment":[{"href":"https:\/\/www.radiopresidenteibanez.cl\/web\/wp-json\/wp\/v2\/media?parent=19112"}],"wp:term":[{"taxonomy":"category","embeddable":true,"href":"https:\/\/www.radiopresidenteibanez.cl\/web\/wp-json\/wp\/v2\/categories?post=19112"},{"taxonomy":"post_tag","embeddable":true,"href":"https:\/\/www.radiopresidenteibanez.cl\/web\/wp-json\/wp\/v2\/tags?post=19112"}],"curies":[{"name":"wp","href":"https:\/\/api.w.org\/{rel}","templated":true}]}}