{"id":19109,"date":"2021-03-11T02:15:00","date_gmt":"2021-03-11T02:15:00","guid":{"rendered":"https:\/\/www.radiopresidenteibanez.cl\/web\/?p=19109"},"modified":"2021-03-10T17:15:07","modified_gmt":"2021-03-10T17:15:07","slug":"seremi-de-salud-presenta-estrategia-de-busqueda-activa-de-casos-en-las-inmediaciones-de-establecimientos-educacionales","status":"publish","type":"post","link":"https:\/\/www.radiopresidenteibanez.cl\/web\/seremi-de-salud-presenta-estrategia-de-busqueda-activa-de-casos-en-las-inmediaciones-de-establecimientos-educacionales\/","title":{"rendered":"SEREMI DE SALUD PRESENTA ESTRATEGIA DE B\u00daSQUEDA ACTIVA DE CASOS EN LAS INMEDIACIONES DE ESTABLECIMIENTOS EDUCACIONALES"},"content":{"rendered":"\n<p>En\nla entrada del Instituto Don Bosco se ubic\u00f3 esta ma\u00f1ana el m\u00f3vil de la Seremi\nde Salud Magallanes para realizar test PCR a la comunidad educativa y vecinos\ndel sector centro de la capital regional. <\/p>\n\n\n\n<p>Esto,\nen el contexto de la estrategia de B\u00fasqueda Activa de Casos (BAC) en las\ninmediaciones de los establecimientos educacionales y centros urbanos de mayor\nafluencia de p\u00fablico, anunciado hoy por el Seremi de Salud Magallanes Eduardo\nCastillo, junto al Seremi de Educaci\u00f3n, Rodrigo Sep\u00falveda. <\/p>\n\n\n\n<p>\u201cEstamos\nreforzando la estrategia de Testeo, Trazabilidad y Aislamiento, y en este caso,\na contar de marzo vamos a redirigir a lugares cercanos a establecimientos\neducacionales. La idea es poder acercar esta estrategia a los padres,\napoderados, profesores, vecinos y vecinas del sector, recordando tambi\u00e9n que la\nb\u00fasqueda activa es un programa gratuito para todos, a personas asintom\u00e1ticas.\nEstos lugares son informados a diario a trav\u00e9s de nuestros canales oficiales\u201d,\ndijo el Seremi de Salud (s) Eduardo Castillo. <\/p>\n\n\n\n<p>Durante\nlos pr\u00f3ximos meses los m\u00f3viles de la Seremis de Salud Magallanes y la Cormupa\nse instalar\u00e1n en puntos de las principales ciudades para reforzar el testeo en\nlos miembros de las comunidades escolares: padres, apoderados, conductores de\ntransporte escolar, etc.&nbsp; <\/p>\n\n\n\n<p>A\ndiario, la Seremi de Salud Magallanes publica en sus redes sociales el lugar y\nhorario en el cual se ubicar\u00e1n los laboratorios m\u00f3viles de testeo que se\ninstalar\u00e1n cerca de los colegios y comunidades escolares.<\/p>\n\n\n\n<p>El\nSeremi (S) explic\u00f3 que esta iniciativa, que se enmarca dentro de la estrategia\nde Testeo, Trazabilidad y Aislamiento, es fundamental para encontrar a las\npersonas que tienen el virus sin experimentar s\u00edntomas. \u201cQueremos acercar la\nb\u00fasqueda activa al barrio donde se encuentran las escuelas para que las\npersonas se acerquen y entre todos protegemos a la comunidad educativa\u201d, dijo\nla autoridad.<\/p>\n\n\n\n<p>En\ntanto, Seremi de Educaci\u00f3n, Rodrigo Sep\u00falveda se\u00f1al\u00f3 que: \u201cEsta estrategia de\nb\u00fasqueda de casos activos de Covid positivo que iniciamos junto a Salud,\nfuncionar\u00e1 a partir de hoy en el exterior de los establecimientos educacionales\nque retomen sus clases presenciales, estrategia que permitir\u00e1 llevar a cabo la\nb\u00fasqueda activa de casos de manera gratuita y para quien lo necesite. As\u00ed\nesperamos dar tranquilidad a los padres y apoderados, a los docentes,\nasistentes de la educaci\u00f3n y manipuladoras de alimentos de que estamos\npreviniendo los contagios al interior de los colegios y minimizando los riesgos\npara toda la comunidad educativa\u201d.<\/p>\n\n\n\n<p>Pero\nesta no es la \u00fanica estrategia desplegada en inmediaciones de escuelas con la\napertura del a\u00f1o escolar y el inicio de las clases presenciales. En conjunto\ncon la Seremi de Educaci\u00f3n se trabaja en la vigilancia activa, en caso de que\nse detecten personas con COVID-19 y tambi\u00e9n se est\u00e1n implementando \u201cCuadrillas\nSanitarias en tu Escuela\u201d, las que potenciar\u00e1n la comunicaci\u00f3n de riesgo,\neducando e informando sobre el autocuidado a las comunidades educativas. \u201cPor\notra parte reforzamos tambi\u00e9n el trabajo con Cuadrillas Sanitarias en tu\nEscuela un programa que busca reforzar medidas de prevenci\u00f3n y de comunicaci\u00f3n\nde riesgo y que va a integrar a los profesores, a los apoderados, a los alumnos\ny a toda la comunidad educativa\u201d, finaliz\u00f3 la autoridad sanitaria. <\/p>\n","protected":false},"excerpt":{"rendered":"<p>En la entrada del Instituto Don Bosco se ubic\u00f3 esta ma\u00f1ana el m\u00f3vil de la Seremi de Salud Magallanes para realizar test PCR a la comunidad educativa y vecinos del&#8230; <a class=\"read-more\" href=\"https:\/\/www.radiopresidenteibanez.cl\/web\/seremi-de-salud-presenta-estrategia-de-busqueda-activa-de-casos-en-las-inmediaciones-de-establecimientos-educacionales\/\">Leer m\u00e1s<\/a><\/p>\n","protected":false},"author":2,"featured_media":19110,"comment_status":"closed","ping_status":"closed","sticky":false,"template":"","format":"standard","meta":{"footnotes":""},"categories":[1],"tags":[],"class_list":["post-19109","post","type-post","status-publish","format-standard","has-post-thumbnail","hentry","category-cronica"],"_links":{"self":[{"href":"https:\/\/www.radiopresidenteibanez.cl\/web\/wp-json\/wp\/v2\/posts\/19109","targetHints":{"allow":["GET"]}}],"collection":[{"href":"https:\/\/www.radiopresidenteibanez.cl\/web\/wp-json\/wp\/v2\/posts"}],"about":[{"href":"https:\/\/www.radiopresidenteibanez.cl\/web\/wp-json\/wp\/v2\/types\/post"}],"author":[{"embeddable":true,"href":"https:\/\/www.radiopresidenteibanez.cl\/web\/wp-json\/wp\/v2\/users\/2"}],"replies":[{"embeddable":true,"href":"https:\/\/www.radiopresidenteibanez.cl\/web\/wp-json\/wp\/v2\/comments?post=19109"}],"version-history":[{"count":0,"href":"https:\/\/www.radiopresidenteibanez.cl\/web\/wp-json\/wp\/v2\/posts\/19109\/revisions"}],"wp:featuredmedia":[{"embeddable":true,"href":"https:\/\/www.radiopresidenteibanez.cl\/web\/wp-json\/wp\/v2\/media\/19110"}],"wp:attachment":[{"href":"https:\/\/www.radiopresidenteibanez.cl\/web\/wp-json\/wp\/v2\/media?parent=19109"}],"wp:term":[{"taxonomy":"category","embeddable":true,"href":"https:\/\/www.radiopresidenteibanez.cl\/web\/wp-json\/wp\/v2\/categories?post=19109"},{"taxonomy":"post_tag","embeddable":true,"href":"https:\/\/www.radiopresidenteibanez.cl\/web\/wp-json\/wp\/v2\/tags?post=19109"}],"curies":[{"name":"wp","href":"https:\/\/api.w.org\/{rel}","templated":true}]}}