{"id":19106,"date":"2021-03-11T02:00:00","date_gmt":"2021-03-11T02:00:00","guid":{"rendered":"https:\/\/www.radiopresidenteibanez.cl\/web\/?p=19106"},"modified":"2021-03-10T17:12:43","modified_gmt":"2021-03-10T17:12:43","slug":"llenos-de-entusiasmo-los-deportistas-porvenirenos-acudieron-al-estadio-municipal-de-porvenir","status":"publish","type":"post","link":"https:\/\/www.radiopresidenteibanez.cl\/web\/llenos-de-entusiasmo-los-deportistas-porvenirenos-acudieron-al-estadio-municipal-de-porvenir\/","title":{"rendered":"LLENOS DE ENTUSIASM\u00d3 LOS DEPORTISTAS PORVENIRE\u00d1OS ACUDIERON AL ESTADIO MUNICIPAL DE PORVENIR"},"content":{"rendered":"\n<p>Deportistas que cumplieron con los\nprotocolos de ingreso para retomar sus actividades f\u00edsicas pudieron participar de\nla reapertura del estadio municipal de Porvenir. La reapertura se transform\u00f3 en\nun s\u00edmbolo de alegr\u00eda y libertad para los amantes del deporte en Tierra del\nFuego, los que han podido volver a disfrutar de este espacio eso s\u00ed, bajo\nestrictos protocolos sanitarios.<\/p>\n\n\n\n<p>\u201cMe parece espectacular, necesit\u00e1bamos\nun ox\u00edgeno mental para distraernos y el deporte es una herramienta principal\nque necesitamos uno que trabaja eso y sabe que lo necesitan no solo los chicos\nsino tambi\u00e9n los adultos\u201d dijo uno de los asistentes.<\/p>\n\n\n\n<p>Otro de los deportistas que acudi\u00f3 al\nestadio manifest\u00f3 que \u201ces muy importante para la comunidad, porque la gente\ndespu\u00e9s de un a\u00f1o necesitaba tener un espacio de recreaci\u00f3n y es muy bueno que\nse haga y se respeten las normas sanitarias que se exigen para poder jugar\u201d.<\/p>\n\n\n\n<p>Toma de temperatura, registro de datos,\nmascarillas y alcohol gel, es parte de lo que implement\u00f3 la Corporaci\u00f3n\nmunicipal de deportes a la hora de ingresar al recinto deportivo de la comuna.<\/p>\n\n\n\n<p>Al respecto el director ejecutivo de\nla Corporaci\u00f3n municipal de deportes, Andr\u00e9s L\u00f3pez Espa\u00f1a, se\u00f1al\u00f3 que \u201cestamos entregando\nhoras de entrenamiento a los clubes de la asociaci\u00f3n de f\u00fatbol en forma\ngratuita que considera dos horas a la semana por club, tambi\u00e9n a los j\u00f3venes y\nni\u00f1os del cheerleader tambi\u00e9n le hemos entregado tres horas gratuitas y seguramente\nmuchos j\u00f3venes cuando ya comienzan las clases y no tienen el espacio tambi\u00e9n\nvan a poder ocupar en forma gratuita el estadio municipal\u201d.<\/p>\n\n\n\n<p>Recordemos que desde el jueves la\ncomuna de Porvenir ya se encuentra en fase 4 de apertura inicial, por lo que su\naforo se ampl\u00eda si el mi\u00e9rcoles era de 25 personas desde ayer es el doble.<\/p>\n\n\n\n<p>Por su parte, la alcaldesa de Porvenir\nMarisol Andrade C\u00e1rdenas indic\u00f3 que \u201chemos visto un gran inter\u00e9s de los\ndeportistas de la comuna que le importa practicar este deporte del f\u00fatbol y la\nverdad que ha sido muy concurrido y por lo tanto una muy buena alternativa para\npoder potenciar la actividad f\u00edsica y deportiva en la comuna\u201d.<\/p>\n\n\n\n<p>Una buena noticia para los fueguinos\nque han podido retomar sus actividades deportivas tras haber pasado por dos\ncuarentenas en lo que va de pandemia. <\/p>\n","protected":false},"excerpt":{"rendered":"<p>Deportistas que cumplieron con los protocolos de ingreso para retomar sus actividades f\u00edsicas pudieron participar de la reapertura del estadio municipal de Porvenir. La reapertura se transform\u00f3 en un s\u00edmbolo&#8230; <a class=\"read-more\" href=\"https:\/\/www.radiopresidenteibanez.cl\/web\/llenos-de-entusiasmo-los-deportistas-porvenirenos-acudieron-al-estadio-municipal-de-porvenir\/\">Leer m\u00e1s<\/a><\/p>\n","protected":false},"author":2,"featured_media":19107,"comment_status":"closed","ping_status":"closed","sticky":false,"template":"","format":"standard","meta":{"footnotes":""},"categories":[1],"tags":[],"class_list":["post-19106","post","type-post","status-publish","format-standard","has-post-thumbnail","hentry","category-cronica"],"_links":{"self":[{"href":"https:\/\/www.radiopresidenteibanez.cl\/web\/wp-json\/wp\/v2\/posts\/19106","targetHints":{"allow":["GET"]}}],"collection":[{"href":"https:\/\/www.radiopresidenteibanez.cl\/web\/wp-json\/wp\/v2\/posts"}],"about":[{"href":"https:\/\/www.radiopresidenteibanez.cl\/web\/wp-json\/wp\/v2\/types\/post"}],"author":[{"embeddable":true,"href":"https:\/\/www.radiopresidenteibanez.cl\/web\/wp-json\/wp\/v2\/users\/2"}],"replies":[{"embeddable":true,"href":"https:\/\/www.radiopresidenteibanez.cl\/web\/wp-json\/wp\/v2\/comments?post=19106"}],"version-history":[{"count":0,"href":"https:\/\/www.radiopresidenteibanez.cl\/web\/wp-json\/wp\/v2\/posts\/19106\/revisions"}],"wp:featuredmedia":[{"embeddable":true,"href":"https:\/\/www.radiopresidenteibanez.cl\/web\/wp-json\/wp\/v2\/media\/19107"}],"wp:attachment":[{"href":"https:\/\/www.radiopresidenteibanez.cl\/web\/wp-json\/wp\/v2\/media?parent=19106"}],"wp:term":[{"taxonomy":"category","embeddable":true,"href":"https:\/\/www.radiopresidenteibanez.cl\/web\/wp-json\/wp\/v2\/categories?post=19106"},{"taxonomy":"post_tag","embeddable":true,"href":"https:\/\/www.radiopresidenteibanez.cl\/web\/wp-json\/wp\/v2\/tags?post=19106"}],"curies":[{"name":"wp","href":"https:\/\/api.w.org\/{rel}","templated":true}]}}