{"id":19103,"date":"2021-03-10T17:08:49","date_gmt":"2021-03-10T17:08:49","guid":{"rendered":"https:\/\/www.radiopresidenteibanez.cl\/web\/?p=19103"},"modified":"2021-03-10T17:08:54","modified_gmt":"2021-03-10T17:08:54","slug":"desde-junio-municipio-sumara-plastico-a-su-red-de-reciclaje","status":"publish","type":"post","link":"https:\/\/www.radiopresidenteibanez.cl\/web\/desde-junio-municipio-sumara-plastico-a-su-red-de-reciclaje\/","title":{"rendered":"DESDE JUNIO MUNICIPIO SUMAR\u00c1 PL\u00c1STICO A SU RED DE RECICLAJE"},"content":{"rendered":"\n<p>impieza y Reciclaje han sido unos de los pilares de la gesti\u00f3n municipal de los \u00faltimos cuatro a\u00f1os, y es por eso que sumar un nuevo elemento a esa tarea es un desaf\u00edo importante para los habitantes de nuestra comuna.<\/p>\n\n\n\n<p>Es as\u00ed, como el d\u00eda de hoy, se firm\u00f3 un convenio de colaboraci\u00f3n entre la empresa RESITER Industrial y la Municipalidad de Punta Arenas, que permitir\u00e1 sumar el PL\u00c1STICO&nbsp; a la red de reciclaje implementado por el organismo comunal, que hasta ahora considera Cart\u00f3n y Vidrio.<\/p>\n\n\n\n<p>\u201cEstamos muy contentos, porque ha sido un trabajo de varios meses para poder concretar esta alianza que nos permitir\u00e1 sacar de circulaci\u00f3n 100 mil botellas de pl\u00e1stico al mes\u201d, explic\u00f3 el alcalde Claudio Radonich, a lo cual agreg\u00f3 que \u201cdesde el mes de junio comenzaremos con este trabajo de reciclaje e instalaremos contenedores en diversos puntos de la ciudad, con el fin de complementar lo que ya hacemos con el Vidrio y el Cart\u00f3n\u201d.<\/p>\n\n\n\n<p>En tanto, Cesar Candia Administrador de la empresa en Punta Arenas, a\u00f1adi\u00f3 que \u201ceste es un convenio de colaboraci\u00f3n donde vamos a apoyar a la Municipalidad con el reciclaje de botellas de Pl\u00e1stico PET, en el cual se instalan jaulas para su disposici\u00f3n y nosotros nos encargamos del retiro\u201d.<\/p>\n\n\n\n<p>Candia dijo tambi\u00e9n que, \u201cuna vez que ya se encuentre operativo el convenio, pediremos que las botellas est\u00e9n limpias y sin l\u00edquido en su interior, para luego retirar y llevar a bodega para su proceso de segregaci\u00f3n y enfardado del producto\u201d.<\/p>\n\n\n\n<p>La proyecci\u00f3n realizada por la empresa y el municipio es llegar a las 15 toneladas mensuales, una vez que se implemente la iniciativa, y pase a ser parte de la red de reciclaje local.<\/p>\n","protected":false},"excerpt":{"rendered":"<p>impieza y Reciclaje han sido unos de los pilares de la gesti\u00f3n municipal de los \u00faltimos cuatro a\u00f1os, y es por eso que sumar un nuevo elemento a esa tarea&#8230; <a class=\"read-more\" href=\"https:\/\/www.radiopresidenteibanez.cl\/web\/desde-junio-municipio-sumara-plastico-a-su-red-de-reciclaje\/\">Leer m\u00e1s<\/a><\/p>\n","protected":false},"author":2,"featured_media":19104,"comment_status":"closed","ping_status":"closed","sticky":false,"template":"","format":"standard","meta":{"footnotes":""},"categories":[1],"tags":[],"class_list":["post-19103","post","type-post","status-publish","format-standard","has-post-thumbnail","hentry","category-cronica"],"_links":{"self":[{"href":"https:\/\/www.radiopresidenteibanez.cl\/web\/wp-json\/wp\/v2\/posts\/19103","targetHints":{"allow":["GET"]}}],"collection":[{"href":"https:\/\/www.radiopresidenteibanez.cl\/web\/wp-json\/wp\/v2\/posts"}],"about":[{"href":"https:\/\/www.radiopresidenteibanez.cl\/web\/wp-json\/wp\/v2\/types\/post"}],"author":[{"embeddable":true,"href":"https:\/\/www.radiopresidenteibanez.cl\/web\/wp-json\/wp\/v2\/users\/2"}],"replies":[{"embeddable":true,"href":"https:\/\/www.radiopresidenteibanez.cl\/web\/wp-json\/wp\/v2\/comments?post=19103"}],"version-history":[{"count":0,"href":"https:\/\/www.radiopresidenteibanez.cl\/web\/wp-json\/wp\/v2\/posts\/19103\/revisions"}],"wp:featuredmedia":[{"embeddable":true,"href":"https:\/\/www.radiopresidenteibanez.cl\/web\/wp-json\/wp\/v2\/media\/19104"}],"wp:attachment":[{"href":"https:\/\/www.radiopresidenteibanez.cl\/web\/wp-json\/wp\/v2\/media?parent=19103"}],"wp:term":[{"taxonomy":"category","embeddable":true,"href":"https:\/\/www.radiopresidenteibanez.cl\/web\/wp-json\/wp\/v2\/categories?post=19103"},{"taxonomy":"post_tag","embeddable":true,"href":"https:\/\/www.radiopresidenteibanez.cl\/web\/wp-json\/wp\/v2\/tags?post=19103"}],"curies":[{"name":"wp","href":"https:\/\/api.w.org\/{rel}","templated":true}]}}