{"id":19100,"date":"2021-03-10T17:04:49","date_gmt":"2021-03-10T17:04:49","guid":{"rendered":"https:\/\/www.radiopresidenteibanez.cl\/web\/?p=19100"},"modified":"2021-03-10T17:04:54","modified_gmt":"2021-03-10T17:04:54","slug":"autoridades-detallan-mejoras-de-subsidio-al-empleo-que-supero-los-3-800-trabajadores-beneficiados","status":"publish","type":"post","link":"https:\/\/www.radiopresidenteibanez.cl\/web\/autoridades-detallan-mejoras-de-subsidio-al-empleo-que-supero-los-3-800-trabajadores-beneficiados\/","title":{"rendered":"AUTORIDADES DETALLAN MEJORAS DE SUBSIDIO AL EMPLEO QUE SUPER\u00d3 LOS 3.800 TRABAJADORES BENEFICIADOS"},"content":{"rendered":"\n<p>Junto a los due\u00f1os y trabajadores de la pizzer\u00eda \u201c4 Estaciones\u201d, las autoridades regionales informaron las mejoras anunciadas al Subsidio al Empleo que en la regi\u00f3n de Magallanes super\u00f3 los 3.800 trabajadores postulados a trav\u00e9s de 896 empresas que han accedido al beneficio hasta ahora.<\/p>\n\n\n\n<p>Asimismo, se inform\u00f3 la extensi\u00f3n de\nla Ley de Protecci\u00f3n Al Empleo, Crianza Protegida y de la norma que flexibiliz\u00f3\nel acceso al Seguro de Cesant\u00eda, con lo cual se busca continuar resguardando\nlos puestos de trabajo en medio de la pandemia por Covid-19.<\/p>\n\n\n\n<p>Al respecto, la intendenta regional\nde Magallanes, Jennifer Rojas, se\u00f1al\u00f3 que \u201cdurante este per\u00edodo de pandemia,\ntanto los trabajadores como los empleadores se han visto profundamente\nafectados y, por eso, ha sido prioridad para nuestro gobierno la reactivaci\u00f3n\necon\u00f3mica a trav\u00e9s de la protecci\u00f3n y creaci\u00f3n de fuentes de empleo. Por eso,\npor un lado, se extiende la Ley de protecci\u00f3n al empleo y, adem\u00e1s, se aumentan\nlos montos del subsidio al empleo lanzado en el mes de septiembre\u201d.<\/p>\n\n\n\n<p>El Gobierno lanz\u00f3 este Subsidio al\nEmpleo como una herramienta de recuperaci\u00f3n laboral enfocada en dos l\u00edneas: el\nSubsidio Regresa, que incentiva el retorno de los trabajadores suspendidos bajo\nla Ley de Protecci\u00f3n del Empleo, y el Subsidio Contrata, que apunta a la\ncontrataci\u00f3n de nuevos trabajadores, con especial foco en mujeres, j\u00f3venes,\npersonas con capacidades diferentes y asignatarios de una pensi\u00f3n de invalidez.<\/p>\n\n\n\n<p>Sobre estas mejoras, la Seremi del\nTrabajo, Victoria Cort\u00e9s, expres\u00f3 que \u201cno debemos olvidar que producto de la\npandemia en nuestro pa\u00eds se perdieron 1 mill\u00f3n 400 mil puestos de trabajo. Hoy\nd\u00eda gracias a estos dos grandes programas que tenemos: el Subsidio al Empleo y\nla Ley de Protecci\u00f3n del Empleo, hemos visto que nuestros indicadores han\ntendido a la mejora. Por ello, se extiende la ley de protecci\u00f3n del empleo con\nla suspensi\u00f3n de la relaci\u00f3n laboral hasta el d\u00eda 6 de junio y con la\nposibilidad de reducir la jornada de trabajo hasta diciembre del 2021 y, a su\nvez, se extienden los beneficios al subsidio al empleo, buscando equiparar la\ncancha para que m\u00e1s mujeres, j\u00f3venes y personas en situaci\u00f3n de discapacidad se\nincorporen el mundo del trabajo\u201d. <\/p>\n\n\n\n<p>Es as\u00ed que, el subsidio \u201cContrata\u201d\npara estos tres grupos mencionados pasa de los $270 mil a los $290 mil para mujeres, j\u00f3venes (entre 18 y menores de 24 a\u00f1os), personas con\ncapacidades diferentes y asignatarios de una pensi\u00f3n de invalidez y, por su\nparte, la l\u00ednea \u201cRegresa\u201d pasa de los $160 a los $200 mil para por cada trabajador\nde los grupos mencionados que haya estado suspendido bajo la Ley de Protecci\u00f3n\ndel Empleo, en la medida que el trabajador retome sus funciones.<\/p>\n\n\n\n<p>El due\u00f1o de la pizzer\u00eda \u201c4\nestaciones\u201d, Gustavo C\u00e1rdenas, destac\u00f3 el beneficio, se\u00f1alando que, tanto la\nLey de Protecci\u00f3n del Empleo como el Subsidio al Empleo, le ha permitido\nreincorporar a sus trabajadores, teniendo a ocho personas actualmente activas.\n\u201cSobre todo para las pymes como esta, se trata de un gran apoyo, porque nos\npermite reactivar nuestro servicio y mantener la relaci\u00f3n laboral con los\ntrabajadores que es lo m\u00e1s importante y estamos trabajando para reactivar\npronto toda nuestra capacidad de servicios\u201d, recalc\u00f3 destacando tambi\u00e9n la\nimportancia de la contrataci\u00f3n de mujeres en su empresa.<\/p>\n\n\n\n<p>En total, son 5 las trabajadoras de\n\u201c4 Estaciones\u201d, de las cuales, cuatro en total se encuentran de reincorporadas\na sus funciones. Una de ellas es Natalia Larenas, quien estuvo suscrita a la\nley de protecci\u00f3n del empleo. \u201cComo empresa, hemos trabajado durante toda la\npandemia, haciendo entregas a pedido, estuve en marzo con la ley de protecci\u00f3n\ndel empleo y luego volv\u00ed a trabajar. Mi jefe en todo momento trat\u00f3 de ayudarnos\npara poder retornar a nuestras funciones. As\u00ed que estos beneficios del Estado\nhan sido muy buenos para nosotros y nos han ayudado mucho\u201d, expres\u00f3.<\/p>\n\n\n\n<p>Seg\u00fan el \u00faltimo informe emitido por\nSence, a la fecha, un total de 896 empresas magall\u00e1nicas han postulado al\nSubsidio al Empleo, con un n\u00famero de 3.088 trabajadores postulados al subsidio\nContrata y 787 al beneficio Regresa, totalizando a 3.875 personas beneficiados\ncon esta iniciativa del Gobierno del Presidente Sebasti\u00e1n Pi\u00f1era.<\/p>\n\n\n\n<p>La visita estuvo acompa\u00f1ada, adem\u00e1s,\npor la Seremi de Hacienda, Lil Garc\u00e9s; la Seremi de la Mujer, Daisy Carrera; y\nel director regional de Sence Magallanes, Enrique Hern\u00e1ndez. <\/p>\n","protected":false},"excerpt":{"rendered":"<p>Junto a los due\u00f1os y trabajadores de la pizzer\u00eda \u201c4 Estaciones\u201d, las autoridades regionales informaron las mejoras anunciadas al Subsidio al Empleo que en la regi\u00f3n de Magallanes super\u00f3 los&#8230; <a class=\"read-more\" href=\"https:\/\/www.radiopresidenteibanez.cl\/web\/autoridades-detallan-mejoras-de-subsidio-al-empleo-que-supero-los-3-800-trabajadores-beneficiados\/\">Leer m\u00e1s<\/a><\/p>\n","protected":false},"author":2,"featured_media":19101,"comment_status":"closed","ping_status":"closed","sticky":false,"template":"","format":"standard","meta":{"footnotes":""},"categories":[1],"tags":[],"class_list":["post-19100","post","type-post","status-publish","format-standard","has-post-thumbnail","hentry","category-cronica"],"_links":{"self":[{"href":"https:\/\/www.radiopresidenteibanez.cl\/web\/wp-json\/wp\/v2\/posts\/19100","targetHints":{"allow":["GET"]}}],"collection":[{"href":"https:\/\/www.radiopresidenteibanez.cl\/web\/wp-json\/wp\/v2\/posts"}],"about":[{"href":"https:\/\/www.radiopresidenteibanez.cl\/web\/wp-json\/wp\/v2\/types\/post"}],"author":[{"embeddable":true,"href":"https:\/\/www.radiopresidenteibanez.cl\/web\/wp-json\/wp\/v2\/users\/2"}],"replies":[{"embeddable":true,"href":"https:\/\/www.radiopresidenteibanez.cl\/web\/wp-json\/wp\/v2\/comments?post=19100"}],"version-history":[{"count":0,"href":"https:\/\/www.radiopresidenteibanez.cl\/web\/wp-json\/wp\/v2\/posts\/19100\/revisions"}],"wp:featuredmedia":[{"embeddable":true,"href":"https:\/\/www.radiopresidenteibanez.cl\/web\/wp-json\/wp\/v2\/media\/19101"}],"wp:attachment":[{"href":"https:\/\/www.radiopresidenteibanez.cl\/web\/wp-json\/wp\/v2\/media?parent=19100"}],"wp:term":[{"taxonomy":"category","embeddable":true,"href":"https:\/\/www.radiopresidenteibanez.cl\/web\/wp-json\/wp\/v2\/categories?post=19100"},{"taxonomy":"post_tag","embeddable":true,"href":"https:\/\/www.radiopresidenteibanez.cl\/web\/wp-json\/wp\/v2\/tags?post=19100"}],"curies":[{"name":"wp","href":"https:\/\/api.w.org\/{rel}","templated":true}]}}