{"id":19094,"date":"2021-03-10T16:53:16","date_gmt":"2021-03-10T16:53:16","guid":{"rendered":"https:\/\/www.radiopresidenteibanez.cl\/web\/?p=19094"},"modified":"2021-03-10T16:53:22","modified_gmt":"2021-03-10T16:53:22","slug":"mineduc-y-unicef-presentaron-kit-de-apoyo-socioemocional-para-abordar-efectos-de-la-pandemia-en-escolares","status":"publish","type":"post","link":"https:\/\/www.radiopresidenteibanez.cl\/web\/mineduc-y-unicef-presentaron-kit-de-apoyo-socioemocional-para-abordar-efectos-de-la-pandemia-en-escolares\/","title":{"rendered":"MINEDUC Y UNICEF PRESENTARON KIT DE APOYO SOCIOEMOCIONAL PARA ABORDAR EFECTOS DE LA PANDEMIA EN ESCOLARES"},"content":{"rendered":"\n<p>La pandemia de Covid-19 ha generado efectos negativos en distintas \u00e1reas de la vida de los escolares, y uno de los que m\u00e1s preocupa a los expertos es el impacto en su desarrollo socioemocional. Muchos ni\u00f1os, ni\u00f1as y j\u00f3venes no saben c\u00f3mo enfrentar sus emociones ni distinguir sus sentimientos tras los largos periodos de confinamiento y la p\u00e9rdida de sociabilidad diaria con sus compa\u00f1eros durante casi todo 2020.&nbsp;<\/p>\n\n\n\n<p>\u201cUno de los elementos centrales que hace importante volver a abrir nuestras escuelas tiene relaci\u00f3n con el desarrollo socioemocional de los ni\u00f1os y j\u00f3venes. Este es uno de los aspectos que m\u00e1s ha sido golpeado por la interrupci\u00f3n de clases presenciales, por la que hemos visto c\u00f3mo la sociabilidad de los ni\u00f1os y el poder identificar y manejar sus emociones ha tenido serias dificultades\u201d, explic\u00f3 el&nbsp;<strong>ministro de Educaci\u00f3n, Ra\u00fal Figueroa.<\/strong><\/p>\n\n\n\n<p>Junto con generar las condiciones para que los estudiantes puedan reanudar, gradualmente, las clases presenciales -en l\u00ednea con lo que recomiendan todos los expertos en infancia tanto a nivel nacional como internacional-, el Ministerio de Educaci\u00f3n lanz\u00f3 un plan de acompa\u00f1amiento y aprendizaje socioemocional para que los ni\u00f1os que vuelven a reencontrarse en los establecimientos cuenten con herramientas para trabajar, con el apoyo de sus profesores o encargados de convivencia escolar, en estos aspectos.<\/p>\n\n\n\n<p>El ministro estuvo acompa\u00f1ado por el representante del Unicef en Chile, Paolo Mefalopulos, quien asegur\u00f3 que apoyar\u00e1 y colaborar\u00e1 con el ministerio en el regreso gradual a las aulas y remarc\u00f3 que \u201cla escuela tiene que ser el primer lugar que se abre y el \u00faltimo que se cierra. Una vez que tenemos todos los protocolos establecidos, el riesgo de traspasar el virus es m\u00ednimo y seguramente los efectos negativos son mucho menores que los que se producen al quedarse en casa, donde se generan efectos para la salud mental\u201d. Mefalopulos, adem\u00e1s, fue enf\u00e1tico en pedir que \u201csean las comunidades escolares las que puedan decidir, los padres antes que todos, y por eso para la Unicef es fundamental que exista este regreso a las clases con condiciones seguras y voluntarias\u201d.<\/p>\n\n\n\n<p>En la regi\u00f3n, fue el&nbsp;<strong>Seremi de Educaci\u00f3n Rodrigo Sep\u00falveda Tagle<\/strong>&nbsp;quien valor\u00f3 esta iniciativa que llegar\u00e1 a establecimientos de Magallanes.&nbsp;\u201cEsperamos que los docentes puedan sacar el mayor provecho de estos materiales. Por ello, durante todo el a\u00f1o se realizar\u00e1n conferencias online en todas las regiones para difundir su uso y que en un a\u00f1o que ser\u00e1 distinto y desafiante, el&nbsp;aprendizaje socioemocional abra la posibilidad de ayudar a que los ni\u00f1os puedan manejar sus emociones, apoyarlos para que muestren empat\u00eda por los dem\u00e1s, establezcan relaciones positivas y tomen decisiones responsables, que les permita ir generando relaciones de apoyo con sus compa\u00f1eros\u201d, agreg\u00f3.<\/p>\n\n\n\n<p><strong>Kit de apoyo socioemocional<\/strong><\/p>\n\n\n\n<p>Mineduc envi\u00f3 a los establecimientos educacionales que reciben aportes del Estado (municipales, de Servicios Locales de Educaci\u00f3n, particulares subvencionados y de Administraci\u00f3n Delegada) un kit de aprendizaje socioemocional y cultura escolar que consta de 12 recursos y se dividir\u00e1 en dos entregas: la primera parte se env\u00eda en conjunto con los textos escolares y la segunda a fines del primer semestre.<\/p>\n\n\n\n<p>En la primera partida se enviar\u00e1 a los colegios el juego&nbsp;<strong>\u00a1Que Emoci\u00f3n! \u00a1Qu\u00e9 preguntas!,&nbsp;<\/strong>que permite a los docentes abordar con los estudiantes el reconocimiento y fortalecimiento emocional. Las din\u00e1micas del juego permiten tambi\u00e9n fortalecer los v\u00ednculos entre los estudiantes y abordar las diferencias y realidades personales en un espacio de profunda confianza y respeto. La din\u00e1mica del juego y el rol de los profesores cambia seg\u00fan la edad de los estudiantes.<\/p>\n\n\n\n<p>Adem\u00e1s, recibir\u00e1n los&nbsp;<strong>Cuentos de Clementina<\/strong>, que relatan la historia de una ni\u00f1a que cuenta sus experiencias m\u00e1s importantes durante el 2020 en el contexto de pandemia y confinamiento. Clementina alude a distintas situaciones que le generan emociones espec\u00edficas y c\u00f3mo las maneja. Adem\u00e1s de las est\u00e9ticas ilustraciones y de la sencilla diagramaci\u00f3n, traen al final una serie de preguntas que pueden orientar la conversaci\u00f3n de los educadores con los ni\u00f1os.<\/p>\n\n\n\n<p>Junto con esto, se incorpor\u00f3 un documento sobre&nbsp;<strong>Gesti\u00f3n de la Cultura Escolar: \u00bfQu\u00e9? \u00bfC\u00f3mo? \u00bfPara qu\u00e9?<\/strong>, que se basaen un curso del mismo nombre que el Ministerio de Educaci\u00f3n est\u00e1 realizando en colaboraci\u00f3n con Educarchile y cuyo objetivo es entregar a los l\u00edderes de la escuela herramientas para trabajar la cultura interna, entendiendo que lo que se ve, se aprende. Tambi\u00e9n considera un set con&nbsp;<strong>25 afiches de normas de convivencia positiva<\/strong>.<\/p>\n\n\n\n<p>En la segunda entrega, en tanto, se considera el env\u00edo de un&nbsp;<strong>Medidor Emocional,&nbsp;<\/strong>herramienta de uso r\u00e1pido y simple que permite que el docente o quien lidere una reuni\u00f3n o encuentro pueda tener un peque\u00f1o y sencillo diagn\u00f3stico de cu\u00e1l es la situaci\u00f3n emocional con la que se encuentra el grupo con el que se re\u00fane.<\/p>\n\n\n\n<p>Los recursos que forman parte del Kit de Aprendizaje Socioemocional son:<\/p>\n\n\n\n<ol class=\"wp-block-list\"><li>Juego \u00a1\u00a1\u00a1\u00a1Qu\u00e9 Emoci\u00f3n!!!! \u00a1\u00a1\u00a1\u00a1\u00a1Qu\u00e9 preguntas!!!!!&nbsp;<\/li><li>Documento de Gesti\u00f3n de la Cultura Escolar: \u00bfQu\u00e9? \u00bfC\u00f3mo? \u00bfPara qu\u00e9?<\/li><li>Pol\u00edtica Nacional de Convivencia Escolar y sus cartillas.<\/li><li>Cuentos de Clementina.<\/li><li>25 afiches con normas para una convivencia positiva.<\/li><li>Set 8 normas para la sala de clases.<\/li><li>Cuadernillo con actividades para el bienestar emocional de los estudiantes.<\/li><li>Medidor Emocional.<\/li><li>Documento con ciclo de webinars con foco socioemocional 2020.<\/li><li>Documento para realizar reuniones y entrevistas con apoderados con foco en lo socioemocional<\/li><li>Gu\u00edas de pedag\u00f3gicas para la serie Emoticlub<\/li><li>Documento C\u00f3mo ense\u00f1ar a distancia manteniendo la cercan\u00eda.<\/li><\/ol>\n","protected":false},"excerpt":{"rendered":"<p>La pandemia de Covid-19 ha generado efectos negativos en distintas \u00e1reas de la vida de los escolares, y uno de los que m\u00e1s preocupa a los expertos es el impacto&#8230; <a class=\"read-more\" href=\"https:\/\/www.radiopresidenteibanez.cl\/web\/mineduc-y-unicef-presentaron-kit-de-apoyo-socioemocional-para-abordar-efectos-de-la-pandemia-en-escolares\/\">Leer m\u00e1s<\/a><\/p>\n","protected":false},"author":2,"featured_media":19095,"comment_status":"closed","ping_status":"closed","sticky":false,"template":"","format":"standard","meta":{"footnotes":""},"categories":[1],"tags":[],"class_list":["post-19094","post","type-post","status-publish","format-standard","has-post-thumbnail","hentry","category-cronica"],"_links":{"self":[{"href":"https:\/\/www.radiopresidenteibanez.cl\/web\/wp-json\/wp\/v2\/posts\/19094","targetHints":{"allow":["GET"]}}],"collection":[{"href":"https:\/\/www.radiopresidenteibanez.cl\/web\/wp-json\/wp\/v2\/posts"}],"about":[{"href":"https:\/\/www.radiopresidenteibanez.cl\/web\/wp-json\/wp\/v2\/types\/post"}],"author":[{"embeddable":true,"href":"https:\/\/www.radiopresidenteibanez.cl\/web\/wp-json\/wp\/v2\/users\/2"}],"replies":[{"embeddable":true,"href":"https:\/\/www.radiopresidenteibanez.cl\/web\/wp-json\/wp\/v2\/comments?post=19094"}],"version-history":[{"count":0,"href":"https:\/\/www.radiopresidenteibanez.cl\/web\/wp-json\/wp\/v2\/posts\/19094\/revisions"}],"wp:featuredmedia":[{"embeddable":true,"href":"https:\/\/www.radiopresidenteibanez.cl\/web\/wp-json\/wp\/v2\/media\/19095"}],"wp:attachment":[{"href":"https:\/\/www.radiopresidenteibanez.cl\/web\/wp-json\/wp\/v2\/media?parent=19094"}],"wp:term":[{"taxonomy":"category","embeddable":true,"href":"https:\/\/www.radiopresidenteibanez.cl\/web\/wp-json\/wp\/v2\/categories?post=19094"},{"taxonomy":"post_tag","embeddable":true,"href":"https:\/\/www.radiopresidenteibanez.cl\/web\/wp-json\/wp\/v2\/tags?post=19094"}],"curies":[{"name":"wp","href":"https:\/\/api.w.org\/{rel}","templated":true}]}}