{"id":19091,"date":"2021-03-10T16:49:54","date_gmt":"2021-03-10T16:49:54","guid":{"rendered":"https:\/\/www.radiopresidenteibanez.cl\/web\/?p=19091"},"modified":"2021-03-10T16:49:59","modified_gmt":"2021-03-10T16:49:59","slug":"22-estudiantes-contaran-con-el-acompanamiento-pace-umag-2021","status":"publish","type":"post","link":"https:\/\/www.radiopresidenteibanez.cl\/web\/22-estudiantes-contaran-con-el-acompanamiento-pace-umag-2021\/","title":{"rendered":"22 ESTUDIANTES CONTAR\u00c1N CON EL ACOMPA\u00d1AMIENTO PACE UMAG 2021"},"content":{"rendered":"\n<p>En el Proceso de Matr\u00edculas\nPACE UMAG 2021, que tuvo lugar entre el 1ero y el 3 de marzo, de los estudiantes habilitados de los 7 establecimientos\npertenecientes al Programa de Acompa\u00f1amiento y Acceso Efectivo a la Educaci\u00f3n\nSuperior en la regi\u00f3n que concretaron su matr\u00edcula en alguna de las 31\ninstituciones de Educaci\u00f3n Superior, 22 son estudiantes PACE habilitados que\ningresaron a la Universidad de Magallanes por esta v\u00eda, 19 en carreras\nprofesionales y 3 en t\u00e9cnico profesionales, quienes provienen de otras regiones\ndel pa\u00eds y de la regi\u00f3n de Magallanes y Ant\u00e1rtica Chilena. <\/p>\n\n\n\n<p>Destacando que de un total de\n80 PACE habilitados, 39 en total fueron seleccionados en carreras\nprofesionales, a nivel nacional, los dem\u00e1s optando por carreras t\u00e9cnico\nprofesionales en Institutos o CFT. <\/p>\n\n\n\n<p>Lo cual significa que se hizo\nun gran trabajo para que m\u00e1s de la mitad de los PACE habilitados hoy est\u00e9n\nsiendo parte de la Educaci\u00f3n Superior. <\/p>\n\n\n\n<p>Los estudiantes ser\u00e1n\nacompa\u00f1ados en la Educaci\u00f3n Superior por parte del Equipo PACE&nbsp; UMAG por dos a\u00f1os. El equipo AES de la\nUniversidad de Magallanes est\u00e1 compuesto por\nprofesionales y tutores pares que ayudan a los estudiantes en el proceso de adaptaci\u00f3n y rendimiento educacional,\nfacilitando su progreso, permanencia y titulaci\u00f3n, a trav\u00e9s de la\nimplementaci\u00f3n de dispositivos que respondan a sus necesidades acad\u00e9micas y\npsicoeducativas. <\/p>\n\n\n\n<p>Adem\u00e1s\nel equipo evidencia un diagn\u00f3stico inicial y cuya evoluci\u00f3n se va\nobservando a partir de la informaci\u00f3n que otorgan los sistemas de monitoreo y\nalerta temprana. <\/p>\n\n\n\n<p>Frente a esto, la Dra. Carmen Paz\nOval Soto, Coordinadora Ejecutiva PACE UMAG, se\u00f1al\u00f3 que \u201cen tiempos de\ncontingencia sanitaria es de valientes aceptar oportunidades como las que entrega\nel PACE a sus estudiantes y acompa\u00f1ar a los estudiantes de manera remota es un\ndesaf\u00edo para el equipo, ya que estas dos \u00faltimas generaciones pr\u00e1cticamente no\nconocen las instalaciones de la Universidad y establecer un compromiso con el\npropio aprendizaje en este contexto implica disciplina y estamos seguros que\nnuestros estudiantes lo desarrollar\u00e1n en el tiempo\u201d. <\/p>\n","protected":false},"excerpt":{"rendered":"<p>En el Proceso de Matr\u00edculas PACE UMAG 2021, que tuvo lugar entre el 1ero y el 3 de marzo, de los estudiantes habilitados de los 7 establecimientos pertenecientes al Programa&#8230; <a class=\"read-more\" href=\"https:\/\/www.radiopresidenteibanez.cl\/web\/22-estudiantes-contaran-con-el-acompanamiento-pace-umag-2021\/\">Leer m\u00e1s<\/a><\/p>\n","protected":false},"author":2,"featured_media":19092,"comment_status":"closed","ping_status":"closed","sticky":false,"template":"","format":"standard","meta":{"footnotes":""},"categories":[1],"tags":[],"class_list":["post-19091","post","type-post","status-publish","format-standard","has-post-thumbnail","hentry","category-cronica"],"_links":{"self":[{"href":"https:\/\/www.radiopresidenteibanez.cl\/web\/wp-json\/wp\/v2\/posts\/19091","targetHints":{"allow":["GET"]}}],"collection":[{"href":"https:\/\/www.radiopresidenteibanez.cl\/web\/wp-json\/wp\/v2\/posts"}],"about":[{"href":"https:\/\/www.radiopresidenteibanez.cl\/web\/wp-json\/wp\/v2\/types\/post"}],"author":[{"embeddable":true,"href":"https:\/\/www.radiopresidenteibanez.cl\/web\/wp-json\/wp\/v2\/users\/2"}],"replies":[{"embeddable":true,"href":"https:\/\/www.radiopresidenteibanez.cl\/web\/wp-json\/wp\/v2\/comments?post=19091"}],"version-history":[{"count":0,"href":"https:\/\/www.radiopresidenteibanez.cl\/web\/wp-json\/wp\/v2\/posts\/19091\/revisions"}],"wp:featuredmedia":[{"embeddable":true,"href":"https:\/\/www.radiopresidenteibanez.cl\/web\/wp-json\/wp\/v2\/media\/19092"}],"wp:attachment":[{"href":"https:\/\/www.radiopresidenteibanez.cl\/web\/wp-json\/wp\/v2\/media?parent=19091"}],"wp:term":[{"taxonomy":"category","embeddable":true,"href":"https:\/\/www.radiopresidenteibanez.cl\/web\/wp-json\/wp\/v2\/categories?post=19091"},{"taxonomy":"post_tag","embeddable":true,"href":"https:\/\/www.radiopresidenteibanez.cl\/web\/wp-json\/wp\/v2\/tags?post=19091"}],"curies":[{"name":"wp","href":"https:\/\/api.w.org\/{rel}","templated":true}]}}