{"id":19087,"date":"2021-03-10T03:00:00","date_gmt":"2021-03-10T03:00:00","guid":{"rendered":"https:\/\/www.radiopresidenteibanez.cl\/web\/?p=19087"},"modified":"2021-03-09T17:17:12","modified_gmt":"2021-03-09T17:17:12","slug":"municipalidad-de-natales-continua-la-entrega-de-2-mil-canastas-de-alimentos-para-el-mes-de-marzo","status":"publish","type":"post","link":"https:\/\/www.radiopresidenteibanez.cl\/web\/municipalidad-de-natales-continua-la-entrega-de-2-mil-canastas-de-alimentos-para-el-mes-de-marzo\/","title":{"rendered":"MUNICIPALIDAD DE NATALES CONTIN\u00daA LA ENTREGA DE 2 MIL CANASTAS DE ALIMENTOS PARA EL MES DE MARZO"},"content":{"rendered":"\n<p>En el polideportivo\nmunicipal de Natales, lugar de acopio de las ayudas sociales que ha entregado\nel municipio desde el a\u00f1o 2020, contin\u00faa la entrega de canastas de alimentos correspondiente\nal mes de marzo para los vecinos m\u00e1s vulnerables de la ciudad. <\/p>\n\n\n\n<p>A partir del\nmes de mayo del a\u00f1o 2020, la Municipalidad de Natales ha entregado m\u00e1s de\n13.500 canastas de alimentos para ir en apoyo de las familias natalinas. <\/p>\n\n\n\n<p>La m\u00e1xima\nautoridad comunal, Fernando Paredes Mansilla, entreg\u00f3 m\u00e1s informaci\u00f3n respecto\nal proceso de evaluaci\u00f3n para hacer entrega de las ayudas sociales, \u201cla\nDirecci\u00f3n de Desarrollo Comunitario obedece a un catastro y medici\u00f3n de\nevaluaci\u00f3n caso a caso, y que el d\u00eda de hoy hemos estimado que al menos 2 mil\nfamilias recibir\u00e1n este apoyo que en algo ayuda en momentos tan dif\u00edciles\u201d. <\/p>\n\n\n\n<p>\u201cEs un trabajo\nimportante y gigantesco, pero con la satisfacci\u00f3n de que estamos apoyando en un\nmomento tan especial a gente que lo est\u00e1 pasando mal y que est\u00e1 necesitando un\napoyo, y ese ha sido el andar desde el punto de vista social de la Direcci\u00f3n de\nDesarrollo Comunitario de la Municipalidad de Natales\u201d, expres\u00f3 Fernando\nParedes. <\/p>\n\n\n\n<p>La entrega de\nlas canastas de alimentos se est\u00e1 realizando a domicilios, evitando\naglomeraciones en recintos p\u00fablicos y complicaciones al momento de trasladar el\nbeneficio social. Diariamente, operan seis m\u00f3viles municipales y de la\ngobernaci\u00f3n provincial con canastas de alimentos que son distribuidas por diversos\nsectores de la comuna. <\/p>\n\n\n\n<p>Cabe se\u00f1alar\nque la Direcci\u00f3n de Desarrollo Comunitario se encuentra atendiendo en el\nPolideportivo Municipal de lunes a viernes en el horario de 8:00 a 13:00 horas.<\/p>\n\n\n\n<p>Finalmente, el\njefe comunal entreg\u00f3 un especial agradecimiento al Gobierno Regional de\nMagallanes que ha entregado estos recursos, destacando adem\u00e1s el trabajo\nmancomunado que se est\u00e1 llevando a cabo entre el Municipio y la Gobernaci\u00f3n\nProvincial de \u00daltima Esperanza para llegar a cada domicilio de las personas\nbeneficiadas. <\/p>\n","protected":false},"excerpt":{"rendered":"<p>En el polideportivo municipal de Natales, lugar de acopio de las ayudas sociales que ha entregado el municipio desde el a\u00f1o 2020, contin\u00faa la entrega de canastas de alimentos correspondiente&#8230; <a class=\"read-more\" href=\"https:\/\/www.radiopresidenteibanez.cl\/web\/municipalidad-de-natales-continua-la-entrega-de-2-mil-canastas-de-alimentos-para-el-mes-de-marzo\/\">Leer m\u00e1s<\/a><\/p>\n","protected":false},"author":2,"featured_media":19088,"comment_status":"closed","ping_status":"closed","sticky":false,"template":"","format":"standard","meta":{"footnotes":""},"categories":[1],"tags":[],"class_list":["post-19087","post","type-post","status-publish","format-standard","has-post-thumbnail","hentry","category-cronica"],"_links":{"self":[{"href":"https:\/\/www.radiopresidenteibanez.cl\/web\/wp-json\/wp\/v2\/posts\/19087","targetHints":{"allow":["GET"]}}],"collection":[{"href":"https:\/\/www.radiopresidenteibanez.cl\/web\/wp-json\/wp\/v2\/posts"}],"about":[{"href":"https:\/\/www.radiopresidenteibanez.cl\/web\/wp-json\/wp\/v2\/types\/post"}],"author":[{"embeddable":true,"href":"https:\/\/www.radiopresidenteibanez.cl\/web\/wp-json\/wp\/v2\/users\/2"}],"replies":[{"embeddable":true,"href":"https:\/\/www.radiopresidenteibanez.cl\/web\/wp-json\/wp\/v2\/comments?post=19087"}],"version-history":[{"count":0,"href":"https:\/\/www.radiopresidenteibanez.cl\/web\/wp-json\/wp\/v2\/posts\/19087\/revisions"}],"wp:featuredmedia":[{"embeddable":true,"href":"https:\/\/www.radiopresidenteibanez.cl\/web\/wp-json\/wp\/v2\/media\/19088"}],"wp:attachment":[{"href":"https:\/\/www.radiopresidenteibanez.cl\/web\/wp-json\/wp\/v2\/media?parent=19087"}],"wp:term":[{"taxonomy":"category","embeddable":true,"href":"https:\/\/www.radiopresidenteibanez.cl\/web\/wp-json\/wp\/v2\/categories?post=19087"},{"taxonomy":"post_tag","embeddable":true,"href":"https:\/\/www.radiopresidenteibanez.cl\/web\/wp-json\/wp\/v2\/tags?post=19087"}],"curies":[{"name":"wp","href":"https:\/\/api.w.org\/{rel}","templated":true}]}}