{"id":19085,"date":"2021-03-10T03:00:00","date_gmt":"2021-03-10T03:00:00","guid":{"rendered":"https:\/\/www.radiopresidenteibanez.cl\/web\/?p=19085"},"modified":"2021-03-09T16:53:04","modified_gmt":"2021-03-09T16:53:04","slug":"core-aprobo-informes-tecnicos-preliminares-del-plan-marco-de-desarrollo-territorial-para-timaukel-y-torres-del-paine","status":"publish","type":"post","link":"https:\/\/www.radiopresidenteibanez.cl\/web\/core-aprobo-informes-tecnicos-preliminares-del-plan-marco-de-desarrollo-territorial-para-timaukel-y-torres-del-paine\/","title":{"rendered":"CORE APROB\u00d3 INFORMES T\u00c9CNICOS PRELIMINARES DEL PLAN MARCO DE DESARROLLO TERRITORIAL PARA TIMAUKEL Y TORRES DEL PAINE"},"content":{"rendered":"\n<p>En la quinta Sesi\u00f3n Plenaria\nefectuada este lunes por videoconferencia, el Consejo Regional de Magallanes y\nde la Ant\u00e1rtica Chilena, aprob\u00f3 por mayor\u00eda de votos los Informes T\u00e9cnicos\nPreliminares del \u201cPlan Marco de Desarrollo Territorial\u201d (PMT) para las comunas Timaukel\ny Torres del Paine. <\/p>\n\n\n\n<p>Seg\u00fan lo explicado en\nel trabajo de comisiones, los PMT apuntan a potenciar el desarrollo en comunas\ncon caracter\u00edsticas de ruralidad que no cuenten con estudios semejantes y se\nidentifiquen como una localidad con potencialidades para el desarrollo\nproductivo y social. La intervenci\u00f3n debe contemplar la participaci\u00f3n de la comunidad\nen la definici\u00f3n de la orientaci\u00f3n y objetivos productivos de largo plazo,\nadem\u00e1s de las consideraciones para la sostenibilidad econ\u00f3mica, social y\nambiental de la inversi\u00f3n.<\/p>\n\n\n\n<p>El presidente del CORE,\nTolentino Soto, coment\u00f3 que se trata de estudios que deben ser sociabilizados\ncon representantes de la comunidad y buscan determinar el crecimiento y\ndesarrollo de localidades, \u201cla idea es analizar cu\u00e1l es el tipo de inversi\u00f3n p\u00fablica\nque se efectuar\u00e1 y hacia donde estar\u00e1 dirigida. Por ello convocamos a los\nalcaldes para saber que localidades buscan&nbsp;\npotenciar a fin de que quede establecido y cualquiera sea la autoridad a\nfuturo sepa cu\u00e1l es la carta de navegaci\u00f3n\u201d. &nbsp;<\/p>\n\n\n\n<p>En otro tema, en la\noportunidad el CORE sancion\u00f3 favorablemente el Reglamento de Funcionamiento del\nConsejo Regional de la Sociedad Civil (CORESOC) del Gobierno Regional de\nMagallanes y de la Ant\u00e1rtica Chilena. <\/p>\n\n\n\n<p>Dicho instrumento fue\nrealizado por la Divisi\u00f3n de Desarrollo Social y Humano del Gobierno Regional\ncon la finalidad de dar cumplimiento al mandato establecido en la Ley 21.074 de\n\u201cFortalecimiento de la Regionalizaci\u00f3n del Pa\u00eds\u201d, la que en su art\u00edculo cuarto,\nse\u00f1ala la obligaci\u00f3n de los Gobiernos Regionales para la constituci\u00f3n de los\nConsejos Regionales de la Sociedad Civil, organismo que deber\u00e1 responder a los\nprincipales lineamientos de car\u00e1cter participativo, que se encuentran a su vez\nestablecidos en la Ley 20.500 referida a la Asociaci\u00f3n y Participaci\u00f3n\nCiudadana en la Gesti\u00f3n P\u00fablica.<\/p>\n\n\n\n<p>El presidente del CORE se\u00f1al\u00f3\nque la aprobaci\u00f3n de este reglamento responde a un proceso que se est\u00e1 llevando\nadelante en todo el pa\u00eds \u201cnuestra aprensiones van dirigidas a ver como motivamos\na la sociedad civil a que participe en el CORESOC que estar\u00e1 compuesto por\nrepresentantes de sindicatos, organizaciones, clubes deportivos, juntas de\nvecinos. La sociedad civil se va a manifestar a trav\u00e9s de este organismo y c\u00f3mo\nConsejo estamos interesados en apoyar su buen funcionamiento y nos alegra que\nla participaci\u00f3n ciudadana sea parte en la toma de decisiones\u201d, concluy\u00f3 el\nconsejero Soto. <\/p>\n","protected":false},"excerpt":{"rendered":"<p>En la quinta Sesi\u00f3n Plenaria efectuada este lunes por videoconferencia, el Consejo Regional de Magallanes y de la Ant\u00e1rtica Chilena, aprob\u00f3 por mayor\u00eda de votos los Informes T\u00e9cnicos Preliminares del&#8230; <a class=\"read-more\" href=\"https:\/\/www.radiopresidenteibanez.cl\/web\/core-aprobo-informes-tecnicos-preliminares-del-plan-marco-de-desarrollo-territorial-para-timaukel-y-torres-del-paine\/\">Leer m\u00e1s<\/a><\/p>\n","protected":false},"author":2,"featured_media":19080,"comment_status":"closed","ping_status":"closed","sticky":false,"template":"","format":"standard","meta":{"footnotes":""},"categories":[1],"tags":[],"class_list":["post-19085","post","type-post","status-publish","format-standard","has-post-thumbnail","hentry","category-cronica"],"_links":{"self":[{"href":"https:\/\/www.radiopresidenteibanez.cl\/web\/wp-json\/wp\/v2\/posts\/19085","targetHints":{"allow":["GET"]}}],"collection":[{"href":"https:\/\/www.radiopresidenteibanez.cl\/web\/wp-json\/wp\/v2\/posts"}],"about":[{"href":"https:\/\/www.radiopresidenteibanez.cl\/web\/wp-json\/wp\/v2\/types\/post"}],"author":[{"embeddable":true,"href":"https:\/\/www.radiopresidenteibanez.cl\/web\/wp-json\/wp\/v2\/users\/2"}],"replies":[{"embeddable":true,"href":"https:\/\/www.radiopresidenteibanez.cl\/web\/wp-json\/wp\/v2\/comments?post=19085"}],"version-history":[{"count":0,"href":"https:\/\/www.radiopresidenteibanez.cl\/web\/wp-json\/wp\/v2\/posts\/19085\/revisions"}],"wp:featuredmedia":[{"embeddable":true,"href":"https:\/\/www.radiopresidenteibanez.cl\/web\/wp-json\/wp\/v2\/media\/19080"}],"wp:attachment":[{"href":"https:\/\/www.radiopresidenteibanez.cl\/web\/wp-json\/wp\/v2\/media?parent=19085"}],"wp:term":[{"taxonomy":"category","embeddable":true,"href":"https:\/\/www.radiopresidenteibanez.cl\/web\/wp-json\/wp\/v2\/categories?post=19085"},{"taxonomy":"post_tag","embeddable":true,"href":"https:\/\/www.radiopresidenteibanez.cl\/web\/wp-json\/wp\/v2\/tags?post=19085"}],"curies":[{"name":"wp","href":"https:\/\/api.w.org\/{rel}","templated":true}]}}