{"id":19082,"date":"2021-03-10T02:47:00","date_gmt":"2021-03-10T02:47:00","guid":{"rendered":"https:\/\/www.radiopresidenteibanez.cl\/web\/?p=19082"},"modified":"2021-03-09T16:50:36","modified_gmt":"2021-03-09T16:50:36","slug":"autoridades-comunales-visitaron-el-inicio-de-obras-del-conjunto-habitacional-lomas-del-baquedano-tres","status":"publish","type":"post","link":"https:\/\/www.radiopresidenteibanez.cl\/web\/autoridades-comunales-visitaron-el-inicio-de-obras-del-conjunto-habitacional-lomas-del-baquedano-tres\/","title":{"rendered":"AUTORIDADES COMUNALES VISITARON EL INICIO DE OBRAS DEL CONJUNTO HABITACIONAL LOMAS DEL BAQUEDANO TRES"},"content":{"rendered":"\n<p>Una visita a terreno realiz\u00f3 la\nalcaldesa de Porvenir Marisol Andrade C\u00e1rdenas, junto a los concejales Ryan\nVerdugo y Javier Nancuante. El objetivo de est\u00e1 salida a terreno fue precisamente\npara apreciar el inicio del trabajo del proyecto habitacional Lomas del\nBaquedano tres en Porvenir, el cual pr\u00f3ximamente comenzar\u00e1 la construcci\u00f3n de\n112 viviendas sociales del conjunto habitacional.<\/p>\n\n\n\n<p>Cabe recordar que, tras la firma del\ncontrato de ejecuci\u00f3n, el proyecto est\u00e1 adjudicado a la empresa Salfa por 6 mil\n647 millones de pesos y considera 399 d\u00edas de ejecuci\u00f3n.<\/p>\n\n\n\n<p>Sobre el inicio de los trabajos la\nprimera autoridad comunal, dijo que \u201cesto da mucha esperanza, porque comienza a\nconcretarse los primeros pasos hacia la casa propia y a la gran lucha que han\ndado las 112 familias de Porvenir por tanto tiempo esperando poder dar soluci\u00f3n\na su necesidad de vivienda\u201d.&nbsp; Adem\u00e1s, agreg\u00f3\nla jefa comunal, que \u201cestamos visualizando tambi\u00e9n nuevos terrenos por qu\u00e9 Porvenir\nnecesita m\u00e1s construcci\u00f3n de viviendas y por lo tanto queremos seguir\ntrabajando muy fuerte con un plan habitacional a lo menos a 10 a\u00f1os\u201d.<\/p>\n\n\n\n<p>Por su parte el concejal Ryan Verdugo,\nse\u00f1al\u00f3 que \u201cest\u00e9 es un peque\u00f1o paso para un gran sue\u00f1o de muchas familias, la\nverdad es que nos alegra como concejo municipal poder participar y apreciar\nesta instalaci\u00f3n de faena, poder ver c\u00f3mo se han ido concretando quiz\u00e1s m\u00e1s\nlento de lo que quisi\u00e9ramos, pero se han ido concretando los sue\u00f1os para muchas\nfamilias de Porvenir\u201d<\/p>\n\n\n\n<p>El proyecto considera 399 d\u00edas de\nplazo para la adecuaci\u00f3n y posterior urbanizaci\u00f3n del terreno ubicado al\nnoreste de Porvenir, las 112 familias tendr\u00e1n un hogar con 44 metros cuadrados\ncon proyecci\u00f3n de ampliaci\u00f3n, las obras tambi\u00e9n consideran una sala de uso m\u00faltiple\npara los vecinos del sector.<\/p>\n","protected":false},"excerpt":{"rendered":"<p>Una visita a terreno realiz\u00f3 la alcaldesa de Porvenir Marisol Andrade C\u00e1rdenas, junto a los concejales Ryan Verdugo y Javier Nancuante. El objetivo de est\u00e1 salida a terreno fue precisamente&#8230; <a class=\"read-more\" href=\"https:\/\/www.radiopresidenteibanez.cl\/web\/autoridades-comunales-visitaron-el-inicio-de-obras-del-conjunto-habitacional-lomas-del-baquedano-tres\/\">Leer m\u00e1s<\/a><\/p>\n","protected":false},"author":2,"featured_media":19083,"comment_status":"closed","ping_status":"closed","sticky":false,"template":"","format":"standard","meta":{"footnotes":""},"categories":[1],"tags":[],"class_list":["post-19082","post","type-post","status-publish","format-standard","has-post-thumbnail","hentry","category-cronica"],"_links":{"self":[{"href":"https:\/\/www.radiopresidenteibanez.cl\/web\/wp-json\/wp\/v2\/posts\/19082","targetHints":{"allow":["GET"]}}],"collection":[{"href":"https:\/\/www.radiopresidenteibanez.cl\/web\/wp-json\/wp\/v2\/posts"}],"about":[{"href":"https:\/\/www.radiopresidenteibanez.cl\/web\/wp-json\/wp\/v2\/types\/post"}],"author":[{"embeddable":true,"href":"https:\/\/www.radiopresidenteibanez.cl\/web\/wp-json\/wp\/v2\/users\/2"}],"replies":[{"embeddable":true,"href":"https:\/\/www.radiopresidenteibanez.cl\/web\/wp-json\/wp\/v2\/comments?post=19082"}],"version-history":[{"count":0,"href":"https:\/\/www.radiopresidenteibanez.cl\/web\/wp-json\/wp\/v2\/posts\/19082\/revisions"}],"wp:featuredmedia":[{"embeddable":true,"href":"https:\/\/www.radiopresidenteibanez.cl\/web\/wp-json\/wp\/v2\/media\/19083"}],"wp:attachment":[{"href":"https:\/\/www.radiopresidenteibanez.cl\/web\/wp-json\/wp\/v2\/media?parent=19082"}],"wp:term":[{"taxonomy":"category","embeddable":true,"href":"https:\/\/www.radiopresidenteibanez.cl\/web\/wp-json\/wp\/v2\/categories?post=19082"},{"taxonomy":"post_tag","embeddable":true,"href":"https:\/\/www.radiopresidenteibanez.cl\/web\/wp-json\/wp\/v2\/tags?post=19082"}],"curies":[{"name":"wp","href":"https:\/\/api.w.org\/{rel}","templated":true}]}}