{"id":19079,"date":"2021-03-10T02:30:00","date_gmt":"2021-03-10T02:30:00","guid":{"rendered":"https:\/\/www.radiopresidenteibanez.cl\/web\/?p=19079"},"modified":"2021-03-09T16:47:13","modified_gmt":"2021-03-09T16:47:13","slug":"consejeros-regionales-plantean-a-seremi-de-obras-publicas-preocupacion-por-obras-viales-que-presentan-deterioro-y-conoceran-informe-tecnico-de-vialidad-la-proxima-semana","status":"publish","type":"post","link":"https:\/\/www.radiopresidenteibanez.cl\/web\/consejeros-regionales-plantean-a-seremi-de-obras-publicas-preocupacion-por-obras-viales-que-presentan-deterioro-y-conoceran-informe-tecnico-de-vialidad-la-proxima-semana\/","title":{"rendered":"CONSEJEROS REGIONALES PLANTEAN A SEREMI DE OBRAS P\u00daBLICAS PREOCUPACI\u00d3N POR OBRAS VIALES QUE PRESENTAN DETERIORO Y CONOCER\u00c1N INFORME T\u00c9CNICO DE VIALIDAD LA PR\u00d3XIMA SEMANA"},"content":{"rendered":"\n<p>Al comienzo de la quinta\nsesi\u00f3n plenaria efectuada este lunes por videoconferencia, los integrantes del\nCORE plantearon al seremi de Obras P\u00fablicas, Pablo Rendoll, diversas inquietudes\nreferidas al&nbsp; deterioro que presentan\nobras viales ejecutadas recientemente en Magallanes. El seremi inform\u00f3 que se encuentra\ntrabajando junto a la direcci\u00f3n de Vialidad en un detallado informe t\u00e9cnico el\ncual ser\u00eda analizado la pr\u00f3xima semana junto a los Consejeros. <\/p>\n\n\n\n<p>Seg\u00fan coment\u00f3 el presidente\ndel CORE, Tolentino Soto, existe preocupaci\u00f3n por la calidad y vida \u00fatil de los\ncaminos construidos hace poco tiempo \u201cesto ocurre en todas las provincias y es\nnecesario ver qu\u00e9 medidas se adoptar\u00e1n en materia de fiscalizaci\u00f3n. El seremi\nnos manifest\u00f3 que est\u00e1n elaborando un informe t\u00e9cnico de los \u00faltimos a\u00f1os, el\ncual deber\u00eda dar cuenta de lo que esta sucediendo con los pavimentos y las\ninvestigaciones que se han efectuado. No podemos hacer o\u00eddo sordo a inversiones\nmillonarias que involucran plata de todos los chilenos, as\u00ed que esperamos\nanalizar este informe la pr\u00f3xima semana\u201d, reiter\u00f3. <\/p>\n\n\n\n<p>Por su parte el presidente de la\ncomisi\u00f3n Infraestructura, Miguel Sierpe, solicit\u00f3 al seremi que \u201cjunto con la\ninvestigaci\u00f3n de las fallas y los antecedentes tambi\u00e9n se busquen las\nalternativas para evitar esta situaciones en los proyectos que se est\u00e1n\ndesarrollando los cuales son de tremenda envergadura econ\u00f3mica. Ver la\nposibilidad de exponer respecto a las medidas correctivas del control de calidad\u201d.\n<\/p>\n\n\n\n<p>Finalmente el consejero, Emilio\nBoccazzi, plante\u00f3 \u201cesto viene ocurriendo hace un tiempo, seis o siete a\u00f1os y me\nsorprende que el ministerio reci\u00e9n este tomando cartas en el asunto. Lo que uno\nbusca, es que se tomen medidas para resguardar las obras que est\u00e1n hoy en\ndesarrollo particularmente en Tierra del Fuego y en el norte de la provincia\n\u00daltima Esperanza. Esperar\u00eda que el informe que est\u00e1n elaborando no sea solo un\nrelato sino que contenga medidas de control, los kilometrajes, los laboratorios\nque trabajaron en los tramos, las partidas de hormig\u00f3n, ya que hay obras que no\ntienen tres y ya presentan problemas\u201d, concluy\u00f3 el consejero regional. <\/p>\n","protected":false},"excerpt":{"rendered":"<p>Al comienzo de la quinta sesi\u00f3n plenaria efectuada este lunes por videoconferencia, los integrantes del CORE plantearon al seremi de Obras P\u00fablicas, Pablo Rendoll, diversas inquietudes referidas al&nbsp; deterioro que&#8230; <a class=\"read-more\" href=\"https:\/\/www.radiopresidenteibanez.cl\/web\/consejeros-regionales-plantean-a-seremi-de-obras-publicas-preocupacion-por-obras-viales-que-presentan-deterioro-y-conoceran-informe-tecnico-de-vialidad-la-proxima-semana\/\">Leer m\u00e1s<\/a><\/p>\n","protected":false},"author":2,"featured_media":19080,"comment_status":"closed","ping_status":"closed","sticky":false,"template":"","format":"standard","meta":{"footnotes":""},"categories":[1],"tags":[],"class_list":["post-19079","post","type-post","status-publish","format-standard","has-post-thumbnail","hentry","category-cronica"],"_links":{"self":[{"href":"https:\/\/www.radiopresidenteibanez.cl\/web\/wp-json\/wp\/v2\/posts\/19079","targetHints":{"allow":["GET"]}}],"collection":[{"href":"https:\/\/www.radiopresidenteibanez.cl\/web\/wp-json\/wp\/v2\/posts"}],"about":[{"href":"https:\/\/www.radiopresidenteibanez.cl\/web\/wp-json\/wp\/v2\/types\/post"}],"author":[{"embeddable":true,"href":"https:\/\/www.radiopresidenteibanez.cl\/web\/wp-json\/wp\/v2\/users\/2"}],"replies":[{"embeddable":true,"href":"https:\/\/www.radiopresidenteibanez.cl\/web\/wp-json\/wp\/v2\/comments?post=19079"}],"version-history":[{"count":0,"href":"https:\/\/www.radiopresidenteibanez.cl\/web\/wp-json\/wp\/v2\/posts\/19079\/revisions"}],"wp:featuredmedia":[{"embeddable":true,"href":"https:\/\/www.radiopresidenteibanez.cl\/web\/wp-json\/wp\/v2\/media\/19080"}],"wp:attachment":[{"href":"https:\/\/www.radiopresidenteibanez.cl\/web\/wp-json\/wp\/v2\/media?parent=19079"}],"wp:term":[{"taxonomy":"category","embeddable":true,"href":"https:\/\/www.radiopresidenteibanez.cl\/web\/wp-json\/wp\/v2\/categories?post=19079"},{"taxonomy":"post_tag","embeddable":true,"href":"https:\/\/www.radiopresidenteibanez.cl\/web\/wp-json\/wp\/v2\/tags?post=19079"}],"curies":[{"name":"wp","href":"https:\/\/api.w.org\/{rel}","templated":true}]}}