{"id":19075,"date":"2021-03-10T14:15:00","date_gmt":"2021-03-10T14:15:00","guid":{"rendered":"https:\/\/www.radiopresidenteibanez.cl\/web\/?p=19075"},"modified":"2021-03-09T16:06:07","modified_gmt":"2021-03-09T16:06:07","slug":"punta-arenas-tendra-12-kilometros-de-nuevas-luminarias-peatonales","status":"publish","type":"post","link":"https:\/\/www.radiopresidenteibanez.cl\/web\/punta-arenas-tendra-12-kilometros-de-nuevas-luminarias-peatonales\/","title":{"rendered":"PUNTA ARENAS TENDR\u00c1 12 KIL\u00d3METROS DE NUEVAS LUMINARIAS PEATONALES"},"content":{"rendered":"\n<p>Con una inversi\u00f3n cercana a los Mil 100 millones de pesos, la Subsecretar\u00eda de Desarrollo Regional ha potenciado el trabajo comunal a trav\u00e9s de proyecto presentados por la Municipalidad de Punta Arenas, con el fin de mejorar la iluminaci\u00f3n de diversos barrios de la comuna con nuevas Luminarias Peatonales.<\/p>\n\n\n\n<p>En total, son 829 nuevas luminarias peatonales las que se encuentran en plena ejecuci\u00f3n, lo cual fue destacado por el Alcalde Claudio Radonich, quien dijo \u201cson 13 kil\u00f3metros de mejor iluminaci\u00f3n peatonal para nuestros vecinos. Arturo Prat, Camilo Henr\u00edquez, Hornillas, Ovejero, Zenteno, General Salvo, sumando Eusebio Lillo con Ram\u00f3n Carnicer que ya est\u00e1n listas\u201d, explic\u00f3 la autoridad local.<\/p>\n\n\n\n<p>A ello, Radonich agreg\u00f3 que \u201cesto significa que miles de vecinos cuenten con mejor iluminaci\u00f3n, dotando de mayor seguridad y m\u00e1s tranquilidad a distintos sectores de la ciudad, por lo que quiero dar gracias a la SUBDERE por la inversi\u00f3n que se refleja en estas calles, porque este invierno, estaremos mucho m\u00e1s iluminados\u201d.<\/p>\n\n\n\n<p>En ese sentido, Jaques Roux, jefe regional de la SUBDERE en Magallanes, a\u00f1adi\u00f3 que \u201cson m\u00e1s de Mil 100 millones de pesos en inversi\u00f3n para estos proyectos en diversas zonas de la ciudad, y adem\u00e1s de los 9 proyectos presentados por el municipio, 8 ya est\u00e1n en ejecuci\u00f3n, as\u00ed que los tiempos se han cumplido, priorizando la seguridad en los barrios, entregando mejor mobiliario e iluminaci\u00f3n\u201d.<\/p>\n\n\n\n<p>Finalmente, la intendenta regional, Jennifer Rojas valor\u00f3 el trabajo conjunto entre los municipios y el Gobierno, destacando principalmente, la gesti\u00f3n del jefe comunal. \u201cAgradecer la gesti\u00f3n del alcalde Radonich, lo que entrega seguridad a las personas, equidad territorial y seguir avanzando como comuna, con un Punta Arenas Seguro, un Punta Arenas Ordenado, as\u00ed que hay que continuar potenciando las iniciativas que favorecen a los vecinos de la comuna con Fondos SUBDERE\u201d.<\/p>\n","protected":false},"excerpt":{"rendered":"<p>Con una inversi\u00f3n cercana a los Mil 100 millones de pesos, la Subsecretar\u00eda de Desarrollo Regional ha potenciado el trabajo comunal a trav\u00e9s de proyecto presentados por la Municipalidad de&#8230; <a class=\"read-more\" href=\"https:\/\/www.radiopresidenteibanez.cl\/web\/punta-arenas-tendra-12-kilometros-de-nuevas-luminarias-peatonales\/\">Leer m\u00e1s<\/a><\/p>\n","protected":false},"author":2,"featured_media":19076,"comment_status":"closed","ping_status":"closed","sticky":false,"template":"","format":"standard","meta":{"footnotes":""},"categories":[1],"tags":[],"class_list":["post-19075","post","type-post","status-publish","format-standard","has-post-thumbnail","hentry","category-cronica"],"_links":{"self":[{"href":"https:\/\/www.radiopresidenteibanez.cl\/web\/wp-json\/wp\/v2\/posts\/19075","targetHints":{"allow":["GET"]}}],"collection":[{"href":"https:\/\/www.radiopresidenteibanez.cl\/web\/wp-json\/wp\/v2\/posts"}],"about":[{"href":"https:\/\/www.radiopresidenteibanez.cl\/web\/wp-json\/wp\/v2\/types\/post"}],"author":[{"embeddable":true,"href":"https:\/\/www.radiopresidenteibanez.cl\/web\/wp-json\/wp\/v2\/users\/2"}],"replies":[{"embeddable":true,"href":"https:\/\/www.radiopresidenteibanez.cl\/web\/wp-json\/wp\/v2\/comments?post=19075"}],"version-history":[{"count":0,"href":"https:\/\/www.radiopresidenteibanez.cl\/web\/wp-json\/wp\/v2\/posts\/19075\/revisions"}],"wp:featuredmedia":[{"embeddable":true,"href":"https:\/\/www.radiopresidenteibanez.cl\/web\/wp-json\/wp\/v2\/media\/19076"}],"wp:attachment":[{"href":"https:\/\/www.radiopresidenteibanez.cl\/web\/wp-json\/wp\/v2\/media?parent=19075"}],"wp:term":[{"taxonomy":"category","embeddable":true,"href":"https:\/\/www.radiopresidenteibanez.cl\/web\/wp-json\/wp\/v2\/categories?post=19075"},{"taxonomy":"post_tag","embeddable":true,"href":"https:\/\/www.radiopresidenteibanez.cl\/web\/wp-json\/wp\/v2\/tags?post=19075"}],"curies":[{"name":"wp","href":"https:\/\/api.w.org\/{rel}","templated":true}]}}