{"id":19072,"date":"2021-03-10T02:00:00","date_gmt":"2021-03-10T02:00:00","guid":{"rendered":"https:\/\/www.radiopresidenteibanez.cl\/web\/?p=19072"},"modified":"2021-03-09T16:01:49","modified_gmt":"2021-03-09T16:01:49","slug":"por-36-meses-se-renovo-el-contrato-de-transporte-subsidiado-que-une-puerto-bories-y-natales","status":"publish","type":"post","link":"https:\/\/www.radiopresidenteibanez.cl\/web\/por-36-meses-se-renovo-el-contrato-de-transporte-subsidiado-que-une-puerto-bories-y-natales\/","title":{"rendered":"POR 36 MESES SE RENOV\u00d3 EL CONTRATO DE TRANSPORTE SUBSIDIADO QUE UNE PUERTO BORIES Y NATALES"},"content":{"rendered":"\n<p>Tres\nmillones de pesos mensuales invierte el ministerio de Transportes y\nTelecomunicaciones para mantener la conectividad terrestre entre la capital de\nla provincia de \u00daltima Esperanza y la localidad de Puerto Bories, se\u00f1al\u00f3 el\nseremi de la cartera Marco Mella B\u00f3rquez.<\/p>\n\n\n\n<p>En\ninspecci\u00f3n junto a la gobernadora provincial Ericka Far\u00edas y personal de la\nDivisi\u00f3n de Transporte P\u00fablico Regional, los funcionarios conocieron c\u00f3mo se\nest\u00e1 ejecutando el nuevo contrato, adjudicado por 36 meses a la empresa Buses\nPaine M\u00e1gico SPA.<\/p>\n\n\n\n<p>El\nservicio \u2013operado en este nuevo contrato desde el 3 de marzo pasado\u2013 es realizado\npor un bus nuevo (a\u00f1o 2021) de 28 asientos. Recorre 7 kil\u00f3metros desde Natales\nhasta la hist\u00f3rica localidad periurbana, saliendo diariamente desde el Rodoviario\nde la capital provincial, pasando por las calles Juan Mac Lean, Manuel Bulnes y\nBernardo Phillipi hasta llegar al Ruta 9, para tomar por el cruce Puerto Bories\nla ruta Y-300 hasta Villa Puerto Bories y viceversa.<\/p>\n\n\n\n<p>\u201cEste\nes un servicio muy importante para la comunidad natalina. Mantiene conectada\nuna poblaci\u00f3n que vive en un sector donde no hay otro tipo de transporte\np\u00fablico y que se desempe\u00f1a laboralmente o asiste a sus establecimientos\neducacionales en Natales\u201d, se\u00f1al\u00f3 el seremi Mella.<\/p>\n\n\n\n<p>Por\nsu parte, la gobernadora de Ericka Far\u00edas, coment\u00f3 \u201cconsidero que es muy\nimportante destacar el nivel y calidad del servicio que entregar\u00e1 este nuevo\ncontrato, ya que ofrece muy buenas prestaciones a la comunidad al contar con un\nmoderno veh\u00edculo del a\u00f1o, eso es algo que nos deja muy conformes porque se est\u00e1\ndando un gran nivel de seguridad a los viajes\u201d. &nbsp;<\/p>\n\n\n\n<p>Las\nsalidas son de lunes a viernes desde el terminal de buses a las 7:15, 8:30,\n13:15, 17:40, 19:00 y 22:00 horas. Desde Puerto Bories en cambio en d\u00edas\nh\u00e1biles sale a las 7:30, 8:45, 13:45, 18:00, 19:30 y 22:30 horas. En d\u00edas\ndomingo y festivos los horarios tienen una variaci\u00f3n. Son en total 38\nfrecuencias semanales. Las tarifas son de $330 adultos, $170 adulto mayor y\n$110 estudiantes.<\/p>\n","protected":false},"excerpt":{"rendered":"<p>Tres millones de pesos mensuales invierte el ministerio de Transportes y Telecomunicaciones para mantener la conectividad terrestre entre la capital de la provincia de \u00daltima Esperanza y la localidad de&#8230; <a class=\"read-more\" href=\"https:\/\/www.radiopresidenteibanez.cl\/web\/por-36-meses-se-renovo-el-contrato-de-transporte-subsidiado-que-une-puerto-bories-y-natales\/\">Leer m\u00e1s<\/a><\/p>\n","protected":false},"author":2,"featured_media":19073,"comment_status":"closed","ping_status":"closed","sticky":false,"template":"","format":"standard","meta":{"footnotes":""},"categories":[1],"tags":[],"class_list":["post-19072","post","type-post","status-publish","format-standard","has-post-thumbnail","hentry","category-cronica"],"_links":{"self":[{"href":"https:\/\/www.radiopresidenteibanez.cl\/web\/wp-json\/wp\/v2\/posts\/19072","targetHints":{"allow":["GET"]}}],"collection":[{"href":"https:\/\/www.radiopresidenteibanez.cl\/web\/wp-json\/wp\/v2\/posts"}],"about":[{"href":"https:\/\/www.radiopresidenteibanez.cl\/web\/wp-json\/wp\/v2\/types\/post"}],"author":[{"embeddable":true,"href":"https:\/\/www.radiopresidenteibanez.cl\/web\/wp-json\/wp\/v2\/users\/2"}],"replies":[{"embeddable":true,"href":"https:\/\/www.radiopresidenteibanez.cl\/web\/wp-json\/wp\/v2\/comments?post=19072"}],"version-history":[{"count":0,"href":"https:\/\/www.radiopresidenteibanez.cl\/web\/wp-json\/wp\/v2\/posts\/19072\/revisions"}],"wp:featuredmedia":[{"embeddable":true,"href":"https:\/\/www.radiopresidenteibanez.cl\/web\/wp-json\/wp\/v2\/media\/19073"}],"wp:attachment":[{"href":"https:\/\/www.radiopresidenteibanez.cl\/web\/wp-json\/wp\/v2\/media?parent=19072"}],"wp:term":[{"taxonomy":"category","embeddable":true,"href":"https:\/\/www.radiopresidenteibanez.cl\/web\/wp-json\/wp\/v2\/categories?post=19072"},{"taxonomy":"post_tag","embeddable":true,"href":"https:\/\/www.radiopresidenteibanez.cl\/web\/wp-json\/wp\/v2\/tags?post=19072"}],"curies":[{"name":"wp","href":"https:\/\/api.w.org\/{rel}","templated":true}]}}