{"id":19068,"date":"2021-03-09T15:56:52","date_gmt":"2021-03-09T15:56:52","guid":{"rendered":"https:\/\/www.radiopresidenteibanez.cl\/web\/?p=19068"},"modified":"2021-03-09T15:56:58","modified_gmt":"2021-03-09T15:56:58","slug":"incendio-afecto-a-ponton-en-centro-de-cultivo-en-sector-estero-cordova","status":"publish","type":"post","link":"https:\/\/www.radiopresidenteibanez.cl\/web\/incendio-afecto-a-ponton-en-centro-de-cultivo-en-sector-estero-cordova\/","title":{"rendered":"INCENDIO AFECT\u00d3 A PONT\u00d3N EN CENTRO DE CULTIVO EN SECTOR ESTERO C\u00d3RDOVA"},"content":{"rendered":"\n<p>Durante la jornada del 08 de marzo se activ\u00f3 un operativo desde la Capitan\u00eda de Puerto de Punta Arenas, producto de un incidente de incendio acaecido en Centro de Cultivo C\u00f3rdova 5, ubicado en el sector de Estero C\u00f3rdova en Paso de Mar en el Estrecho de Magallanes, operado por la Empresa Australis.<\/p>\n\n\n\n<p>El incidente se produjo a unas 160 millas n\u00e1uticas, equivalente a unos 288 kil\u00f3metros de distancia de la capital de la Regi\u00f3n de Magallanes y Ant\u00e1rtica Chilena.<\/p>\n\n\n\n<p>La Autoridad Mar\u00edtima recibi\u00f3 la informaci\u00f3n por parte del Jefe del Centro de Cultivo, informando un incendio confinado en el pont\u00f3n Australis 26, activando el plan de contingencia, una vez declarado el incendio a las 3 de la madrugada, procedi\u00e9ndose a la evacuaci\u00f3n de los 12 tripulantes, lo cual se logr\u00f3 sin inconvenientes, manteni\u00e9ndose el incendio confinado en la sala de generadores del artefacto naval.<\/p>\n\n\n\n<p>El pont\u00f3n tiene una capacidad de almacenaje de m\u00e1s de 7 toneladas de salm\u00f3n en sus respectivos silos, as\u00ed como alrededor de 13 mil litros de combustible.<\/p>\n\n\n\n<p>Al momento la Autoridad Mar\u00edtima se encuentra evaluando posibles amenazas al medio ambiente marino, para lo cual fue desplegado en el \u00e1rea el Helic\u00f3ptero Naval 57 del Grupo Aeronaval Sur, con personal especialista para evaluar la situaci\u00f3n, como tambi\u00e9n realizar el levantamiento inicial de informaci\u00f3n para determinar las causas del incidente, el cual al momento se encuentra controlado.<\/p>\n\n\n\n<p>Por medio del Remolcador de Altamar (RAM) \u201cCucao\u201d se dirige Inspector de la Autoridad Mar\u00edtima para realizar los peritajes pertinentes, con el objetivo de realizar la investigaci\u00f3n en el lugar de los acontecimientos.<\/p>\n\n\n\n<p>El Capit\u00e1n de Puerto de Punta Arenas, Capit\u00e1n de Fragata Mauricio Elgueta se\u00f1al\u00f3 \u201cel trabajo coordinado ha permitido asegurar el bienestar de los operarios, manteni\u00e9ndose en monitoreo constante de la situaci\u00f3n para evaluar posibles amenazas al medio ambiente marino, tomando las medidas correspondientes para actuar en el caso de ser necesario\u201d.<\/p>\n\n\n\n<p>La Autoridad Mar\u00edtima reitera la importancia de los distintos protocolos de operaci\u00f3n de emergencia en caso de incidentes, manteni\u00e9ndose en monitoreo constante de la situaci\u00f3n, resguardando la vida humana en el mar y el medio ambiente marino.<br><\/p>\n","protected":false},"excerpt":{"rendered":"<p>Durante la jornada del 08 de marzo se activ\u00f3 un operativo desde la Capitan\u00eda de Puerto de Punta Arenas, producto de un incidente de incendio acaecido en Centro de Cultivo&#8230; <a class=\"read-more\" href=\"https:\/\/www.radiopresidenteibanez.cl\/web\/incendio-afecto-a-ponton-en-centro-de-cultivo-en-sector-estero-cordova\/\">Leer m\u00e1s<\/a><\/p>\n","protected":false},"author":2,"featured_media":19069,"comment_status":"closed","ping_status":"closed","sticky":false,"template":"","format":"standard","meta":{"footnotes":""},"categories":[1],"tags":[],"class_list":["post-19068","post","type-post","status-publish","format-standard","has-post-thumbnail","hentry","category-cronica"],"_links":{"self":[{"href":"https:\/\/www.radiopresidenteibanez.cl\/web\/wp-json\/wp\/v2\/posts\/19068","targetHints":{"allow":["GET"]}}],"collection":[{"href":"https:\/\/www.radiopresidenteibanez.cl\/web\/wp-json\/wp\/v2\/posts"}],"about":[{"href":"https:\/\/www.radiopresidenteibanez.cl\/web\/wp-json\/wp\/v2\/types\/post"}],"author":[{"embeddable":true,"href":"https:\/\/www.radiopresidenteibanez.cl\/web\/wp-json\/wp\/v2\/users\/2"}],"replies":[{"embeddable":true,"href":"https:\/\/www.radiopresidenteibanez.cl\/web\/wp-json\/wp\/v2\/comments?post=19068"}],"version-history":[{"count":0,"href":"https:\/\/www.radiopresidenteibanez.cl\/web\/wp-json\/wp\/v2\/posts\/19068\/revisions"}],"wp:featuredmedia":[{"embeddable":true,"href":"https:\/\/www.radiopresidenteibanez.cl\/web\/wp-json\/wp\/v2\/media\/19069"}],"wp:attachment":[{"href":"https:\/\/www.radiopresidenteibanez.cl\/web\/wp-json\/wp\/v2\/media?parent=19068"}],"wp:term":[{"taxonomy":"category","embeddable":true,"href":"https:\/\/www.radiopresidenteibanez.cl\/web\/wp-json\/wp\/v2\/categories?post=19068"},{"taxonomy":"post_tag","embeddable":true,"href":"https:\/\/www.radiopresidenteibanez.cl\/web\/wp-json\/wp\/v2\/tags?post=19068"}],"curies":[{"name":"wp","href":"https:\/\/api.w.org\/{rel}","templated":true}]}}