{"id":19065,"date":"2021-03-09T15:46:59","date_gmt":"2021-03-09T15:46:59","guid":{"rendered":"https:\/\/www.radiopresidenteibanez.cl\/web\/?p=19065"},"modified":"2021-03-09T15:47:05","modified_gmt":"2021-03-09T15:47:05","slug":"la-cchc-punta-arenas-reconocio-a-mujeres-que-trabajan-en-el-sector-de-la-construccion","status":"publish","type":"post","link":"https:\/\/www.radiopresidenteibanez.cl\/web\/la-cchc-punta-arenas-reconocio-a-mujeres-que-trabajan-en-el-sector-de-la-construccion\/","title":{"rendered":"LA CCHC PUNTA ARENAS RECONOCI\u00d3 A MUJERES QUE TRABAJAN EN EL SECTOR DE LA CONSTRUCCI\u00d3N"},"content":{"rendered":"\n<p>En el D\u00eda Internacional de la Mujer, la C\u00e1mara Chilena de la Construcci\u00f3n Punta Arenas visit\u00f3 la obra de construcci\u00f3n del Jard\u00edn Infantil Junji \u201cCostanera\u201d con el objetivo de reconocer a las mujeres que son parte del sector de la construcci\u00f3n en Magallanes.<\/p>\n\n\n\n<p>\u201cHoy la participaci\u00f3n de las mujeres en la construcci\u00f3n es del 7% a nivel nacional. Tenemos una brecha muy importante y es necesario avanzar en la inclusi\u00f3n femenina en nuestro sector. Como C\u00e1mara estamos comprometidos con este gran desaf\u00edo. Hoy estamos enfocados en capacitar a m\u00e1s mujeres para que puedan ingresar a la construcci\u00f3n y esperamos ir aumentando los \u00edndices\u201d, indic\u00f3 Carlos Braun, presidente de la C\u00e1mara Chilena de la Construcci\u00f3n Punta Arenas.<\/p>\n\n\n\n<p>Durante la actividad, la asociaci\u00f3n gremial present\u00f3 el Grupo de Trabajo Mujeres, cuyo objetivo principal es fomentar la participaci\u00f3n femenina en el sector, tanto en obras como en l\u00edneas administrativas y ejecutivas.<\/p>\n\n\n\n<p>\u201cEl gremio de la construcci\u00f3n tradicionalmente es masculino, pero estamos enfocadas como C\u00e1mara en aumentar la participaci\u00f3n de la mujer en nuestro rubro. Estamos firmando convenios con instituciones p\u00fablicas porque buscamos apoyar el desarrollo de la mujer en la construcci\u00f3n. Tener a mujeres en los mismos espacios y en las mismas condiciones que los varones es un eje de la CChC y estamos trabajando por ello\u201d, indic\u00f3 Pamela Le\u00f3n, l\u00edder del Grupo de Trabajo Mujeres de la CChC Punta Arenas.<\/p>\n\n\n\n<p>Cuatro mujeres recibieron un presente como un gesto de reconocimiento por ser parte del sector de la construcci\u00f3n en Magallanes.<\/p>\n\n\n\n<p>\u201cEs importante equiparar la cancha en los roles que ocupan los hombres y las mujeres. En tiempos de pandemia ha sido una tarea a\u00fan mayor. Como Gobierno tenemos el compromiso de reconocer a la mujer, el espacio que se ha ganado con a\u00f1os de esfuerzo y lucha. Queremos aumentar la participaci\u00f3n femenina y por eso hemos desarrollado una serie de programas que buscan incentivar la contrataci\u00f3n de las mujeres. Hoy m\u00e1s que nunca debemos reconocer el importante aporte de las mujeres\u201d, indic\u00f3 Victoria Cort\u00e9s, seremi del Trabajo en la regi\u00f3n de Magallanes.<\/p>\n\n\n\n<p>Jurliette Sanhueza, prevencionista de riesgos de constructora Socrade, empresa socia CChC Punta Arenas, fue una de las mujeres destacadas durante el evento y pronunci\u00f3 algunas palabras de agradecimiento.<\/p>\n\n\n\n<p>\u201cEstoy muy contenta por esta actividad porque es importante que nos reconozcan y nos valoren, ya que ganarse un lugar en la construcci\u00f3n es dif\u00edcil. Es un mundo donde trabajan mayormente hombres, pero a\u00f1o a a\u00f1o m\u00e1s mujeres se incorporan y nos permiten desarrollarnos en un muy buen ambiente\u201d, indic\u00f3 Jurliette.<\/p>\n","protected":false},"excerpt":{"rendered":"<p>En el D\u00eda Internacional de la Mujer, la C\u00e1mara Chilena de la Construcci\u00f3n Punta Arenas visit\u00f3 la obra de construcci\u00f3n del Jard\u00edn Infantil Junji \u201cCostanera\u201d con el objetivo de reconocer&#8230; <a class=\"read-more\" href=\"https:\/\/www.radiopresidenteibanez.cl\/web\/la-cchc-punta-arenas-reconocio-a-mujeres-que-trabajan-en-el-sector-de-la-construccion\/\">Leer m\u00e1s<\/a><\/p>\n","protected":false},"author":2,"featured_media":19066,"comment_status":"closed","ping_status":"closed","sticky":false,"template":"","format":"standard","meta":{"footnotes":""},"categories":[1],"tags":[],"class_list":["post-19065","post","type-post","status-publish","format-standard","has-post-thumbnail","hentry","category-cronica"],"_links":{"self":[{"href":"https:\/\/www.radiopresidenteibanez.cl\/web\/wp-json\/wp\/v2\/posts\/19065","targetHints":{"allow":["GET"]}}],"collection":[{"href":"https:\/\/www.radiopresidenteibanez.cl\/web\/wp-json\/wp\/v2\/posts"}],"about":[{"href":"https:\/\/www.radiopresidenteibanez.cl\/web\/wp-json\/wp\/v2\/types\/post"}],"author":[{"embeddable":true,"href":"https:\/\/www.radiopresidenteibanez.cl\/web\/wp-json\/wp\/v2\/users\/2"}],"replies":[{"embeddable":true,"href":"https:\/\/www.radiopresidenteibanez.cl\/web\/wp-json\/wp\/v2\/comments?post=19065"}],"version-history":[{"count":0,"href":"https:\/\/www.radiopresidenteibanez.cl\/web\/wp-json\/wp\/v2\/posts\/19065\/revisions"}],"wp:featuredmedia":[{"embeddable":true,"href":"https:\/\/www.radiopresidenteibanez.cl\/web\/wp-json\/wp\/v2\/media\/19066"}],"wp:attachment":[{"href":"https:\/\/www.radiopresidenteibanez.cl\/web\/wp-json\/wp\/v2\/media?parent=19065"}],"wp:term":[{"taxonomy":"category","embeddable":true,"href":"https:\/\/www.radiopresidenteibanez.cl\/web\/wp-json\/wp\/v2\/categories?post=19065"},{"taxonomy":"post_tag","embeddable":true,"href":"https:\/\/www.radiopresidenteibanez.cl\/web\/wp-json\/wp\/v2\/tags?post=19065"}],"curies":[{"name":"wp","href":"https:\/\/api.w.org\/{rel}","templated":true}]}}