{"id":19062,"date":"2021-03-09T15:44:30","date_gmt":"2021-03-09T15:44:30","guid":{"rendered":"https:\/\/www.radiopresidenteibanez.cl\/web\/?p=19062"},"modified":"2021-03-09T15:44:35","modified_gmt":"2021-03-09T15:44:35","slug":"260-metros-cubicos-de-cachureos-se-retiraron-desde-la-poblacion-santos-mardones","status":"publish","type":"post","link":"https:\/\/www.radiopresidenteibanez.cl\/web\/260-metros-cubicos-de-cachureos-se-retiraron-desde-la-poblacion-santos-mardones\/","title":{"rendered":"260 METROS C\u00daBICOS DE CACHUREOS SE RETIRARON DESDE LA POBLACI\u00d3N SANTOS MARDONES"},"content":{"rendered":"\n<p>Durante esta jornada se retomaron los trabajos de retiro de Cachureos en la poblaci\u00f3n Jos\u00e9 de los Santos Mardones, labores que se vieron interrumpidas debido al incendio ocurrido el d\u00eda s\u00e1bado en el vertedero municipal, lo que retras\u00f3 el operativo agendado para dicho sector, generando que se acumular\u00e1 gran cantidad de basura en el cuadrante dispuesto por la Municipalidad de Punta Arenas.<\/p>\n\n\n\n<p>En total, fueron 260 metros c\u00fabicos de cachureos y otro tipo de enseres en desuso los retirados por medio del operativo municipal. En ese sentido, el alcalde Claudio Radonich &nbsp;agreg\u00f3 que \u201ceste es un esfuerzo gigantesco que realizamos junto a la empresa \u00c1reas Verdes, ya que s\u00f3lo en este cuadrante son 577 las familias y hogares beneficiados\u201d.<\/p>\n\n\n\n<p>\u201cEste es un trabajo que se hace de forma continua, ya que en esta segunda vuelta hemos estado en m\u00e1s de 6 mil viviendas beneficiadas, as\u00ed que continuamos con nuestro programa de retiro de Cachureos, gracias a la colaboraci\u00f3n de la Direcci\u00f3n de Operaciones, debido a la contingencia\u201d, a\u00f1adi\u00f3 el jefe comunal.<\/p>\n\n\n\n<p>Finalmente, la autoridad reiter\u00f3 que \u201ces bueno recordar que el cami\u00f3n Cachurero retira todo tipo de art\u00edculos en desuso, pero tambi\u00e9n siempre debemos repetir que NO se aceptan bater\u00edas, neum\u00e1ticos, ni tampoco escombros\u201d.<br><\/p>\n","protected":false},"excerpt":{"rendered":"<p>Durante esta jornada se retomaron los trabajos de retiro de Cachureos en la poblaci\u00f3n Jos\u00e9 de los Santos Mardones, labores que se vieron interrumpidas debido al incendio ocurrido el d\u00eda&#8230; <a class=\"read-more\" href=\"https:\/\/www.radiopresidenteibanez.cl\/web\/260-metros-cubicos-de-cachureos-se-retiraron-desde-la-poblacion-santos-mardones\/\">Leer m\u00e1s<\/a><\/p>\n","protected":false},"author":2,"featured_media":19063,"comment_status":"closed","ping_status":"closed","sticky":false,"template":"","format":"standard","meta":{"footnotes":""},"categories":[1],"tags":[],"class_list":["post-19062","post","type-post","status-publish","format-standard","has-post-thumbnail","hentry","category-cronica"],"_links":{"self":[{"href":"https:\/\/www.radiopresidenteibanez.cl\/web\/wp-json\/wp\/v2\/posts\/19062","targetHints":{"allow":["GET"]}}],"collection":[{"href":"https:\/\/www.radiopresidenteibanez.cl\/web\/wp-json\/wp\/v2\/posts"}],"about":[{"href":"https:\/\/www.radiopresidenteibanez.cl\/web\/wp-json\/wp\/v2\/types\/post"}],"author":[{"embeddable":true,"href":"https:\/\/www.radiopresidenteibanez.cl\/web\/wp-json\/wp\/v2\/users\/2"}],"replies":[{"embeddable":true,"href":"https:\/\/www.radiopresidenteibanez.cl\/web\/wp-json\/wp\/v2\/comments?post=19062"}],"version-history":[{"count":0,"href":"https:\/\/www.radiopresidenteibanez.cl\/web\/wp-json\/wp\/v2\/posts\/19062\/revisions"}],"wp:featuredmedia":[{"embeddable":true,"href":"https:\/\/www.radiopresidenteibanez.cl\/web\/wp-json\/wp\/v2\/media\/19063"}],"wp:attachment":[{"href":"https:\/\/www.radiopresidenteibanez.cl\/web\/wp-json\/wp\/v2\/media?parent=19062"}],"wp:term":[{"taxonomy":"category","embeddable":true,"href":"https:\/\/www.radiopresidenteibanez.cl\/web\/wp-json\/wp\/v2\/categories?post=19062"},{"taxonomy":"post_tag","embeddable":true,"href":"https:\/\/www.radiopresidenteibanez.cl\/web\/wp-json\/wp\/v2\/tags?post=19062"}],"curies":[{"name":"wp","href":"https:\/\/api.w.org\/{rel}","templated":true}]}}