{"id":19059,"date":"2021-03-09T15:41:53","date_gmt":"2021-03-09T15:41:53","guid":{"rendered":"https:\/\/www.radiopresidenteibanez.cl\/web\/?p=19059"},"modified":"2021-03-09T15:41:58","modified_gmt":"2021-03-09T15:41:58","slug":"prodemu-reitera-la-importancia-de-seguir-avanzando-en-la-igualdad-de-oportunidades-y-derechos-de-las-mujeres-en-chile","status":"publish","type":"post","link":"https:\/\/www.radiopresidenteibanez.cl\/web\/prodemu-reitera-la-importancia-de-seguir-avanzando-en-la-igualdad-de-oportunidades-y-derechos-de-las-mujeres-en-chile\/","title":{"rendered":"PRODEMU REITERA LA IMPORTANCIA DE SEGUIR AVANZANDO EN LA  IGUALDAD DE OPORTUNIDADES Y DERECHOS DE LAS MUJERES EN CHILE"},"content":{"rendered":"\n<p>Este 8 de marzo, en el que se conmemora el\nD\u00eda Internacional de la Mujer, la directora regional de PRODEMU, Gabriela\nS\u00e1nchez Ca\u00f1ete, destac\u00f3 el trabajo que realiza la organizaci\u00f3n con la finalidad\nde seguir avanzando en la igualdad de oportunidades y derechos de las mujeres\nen el pa\u00eds. <\/p>\n\n\n\n<p>El Gobierno de nuestro Presidente Pi\u00f1era ha\nfijado como prioridad el alcanzar la igualdad de derechos, deberes y\noportunidades entre mujeres y hombres, mediante un conjunto de acciones\nplasmadas en pol\u00edtica p\u00fablica y en el desarrollo y logro de compromisos de g\u00e9nero\nconsolidados en la Agenda Mujer impulsada a partir del 2018, que define 23\ncompromisos de g\u00e9nero, compromisos que buscan avanzar hacia una sociedad m\u00e1s\njusta en que las mujeres sean reales protagonistas, ocupando espacios de\nliderazgos y alcanzando plena autonom\u00eda y empoderamiento. <strong><\/strong><\/p>\n\n\n\n<p>La directora de PRODEMU se\u00f1al\u00f3 que \u201ces necesario,\nrelevar que este d\u00eda, conocido como el <strong>D\u00eda\nInternacional de la Mujer Trabajadora<\/strong>, conmemora la lucha de la mujer por\ninsertarse en la sociedad, por el llamado a la emancipaci\u00f3n y desarrollo pleno\ncomo persona. Es un d\u00eda para reconocer y resaltar a todas aquellas mujeres que,\na lo largo de la historia, lucharon y entregaron su vida por instalar los\nderechos que hoy tenemos. En honor a ellas y por nosotras mismas seguimos luchando\npara alcanzar una mayor igualdad de oportunidades. Hoy nuestro Gobierno ha generado\nacciones en la pol\u00edtica p\u00fablica atingentes a salud, trabajo, crianza y\neducaci\u00f3n de hijos e hijas, en prevenci\u00f3n de la violencia, etc., ratificando su\ncompromiso por la mujer chilena. Un abrazo afectuoso a cada una de las mujeres\nde nuestra querida regi\u00f3n de Magallanes y de la Ant\u00e1rtica Chilena\u201d.<\/p>\n\n\n\n<p>En este d\u00eda, queremos relevar que una mujer\nPRODEMU, espec\u00edficamente, Claudia C\u00e1rdenas Gallardo, presidenta de la junta de\nvecinos N\u00b036 Loteo del Mar, haya sido reconocida por la seremi de la Mujer y la\nEquidad de G\u00e9nero.<\/p>\n\n\n\n<p>\u201cMe siento orgullosa por este premio. Esto es\nun trabajo que no lo hago sola, que se realiza con otras mujeres e incluso\nhombres que trabajan por el bien de la comunidad y de la sociedad. Esto me\ngenera m\u00e1s \u00edmpetu para seguir haciendo lo que tanto me gusta desde el \u00e1rea\nsocial y poder generar cambios. Cuando uno como mujer genera un cambio en una\npersona ha logrado una meta inmensamente grande\u201d, reflexion\u00f3 C\u00e1rdenas.<\/p>\n\n\n\n<p>Adem\u00e1s, indic\u00f3 que este es un reconocimiento\npara su madre. \u201cAprend\u00ed mucho de sus acciones, estoy muy feliz y seguir\u00e9\nponi\u00e9ndole ganas a esto. Ojal\u00e1 muchas mujeres que trabajan de forma an\u00f3nima\npuedan ser reconocidas por sus pares\u201d.<\/p>\n\n\n\n<p>La directora regional, Gabriela S\u00e1nchez destaca\nla distinci\u00f3n entregada a Claudia, mujer magall\u00e1nica que es parte de la Red\nPRODEMU, que ha pasado por las diversas rutas de aprendizaje que conforman la\noferta y modelo program\u00e1tico de PRODEMU. \u201cEs un orgullo y una satisfacci\u00f3n ver\nsu crecimiento y cuan alto ha llegado su compromiso y empoderamiento como\nmujer, felicitaciones &nbsp;Claudia, sigue\naprendiendo, construyendo y entregando tu trabajo con mirada social\u201d, enfatiz\u00f3\nla directora.<\/p>\n","protected":false},"excerpt":{"rendered":"<p>Este 8 de marzo, en el que se conmemora el D\u00eda Internacional de la Mujer, la directora regional de PRODEMU, Gabriela S\u00e1nchez Ca\u00f1ete, destac\u00f3 el trabajo que realiza la organizaci\u00f3n&#8230; <a class=\"read-more\" href=\"https:\/\/www.radiopresidenteibanez.cl\/web\/prodemu-reitera-la-importancia-de-seguir-avanzando-en-la-igualdad-de-oportunidades-y-derechos-de-las-mujeres-en-chile\/\">Leer m\u00e1s<\/a><\/p>\n","protected":false},"author":2,"featured_media":19060,"comment_status":"closed","ping_status":"closed","sticky":false,"template":"","format":"standard","meta":{"footnotes":""},"categories":[1],"tags":[],"class_list":["post-19059","post","type-post","status-publish","format-standard","has-post-thumbnail","hentry","category-cronica"],"_links":{"self":[{"href":"https:\/\/www.radiopresidenteibanez.cl\/web\/wp-json\/wp\/v2\/posts\/19059","targetHints":{"allow":["GET"]}}],"collection":[{"href":"https:\/\/www.radiopresidenteibanez.cl\/web\/wp-json\/wp\/v2\/posts"}],"about":[{"href":"https:\/\/www.radiopresidenteibanez.cl\/web\/wp-json\/wp\/v2\/types\/post"}],"author":[{"embeddable":true,"href":"https:\/\/www.radiopresidenteibanez.cl\/web\/wp-json\/wp\/v2\/users\/2"}],"replies":[{"embeddable":true,"href":"https:\/\/www.radiopresidenteibanez.cl\/web\/wp-json\/wp\/v2\/comments?post=19059"}],"version-history":[{"count":0,"href":"https:\/\/www.radiopresidenteibanez.cl\/web\/wp-json\/wp\/v2\/posts\/19059\/revisions"}],"wp:featuredmedia":[{"embeddable":true,"href":"https:\/\/www.radiopresidenteibanez.cl\/web\/wp-json\/wp\/v2\/media\/19060"}],"wp:attachment":[{"href":"https:\/\/www.radiopresidenteibanez.cl\/web\/wp-json\/wp\/v2\/media?parent=19059"}],"wp:term":[{"taxonomy":"category","embeddable":true,"href":"https:\/\/www.radiopresidenteibanez.cl\/web\/wp-json\/wp\/v2\/categories?post=19059"},{"taxonomy":"post_tag","embeddable":true,"href":"https:\/\/www.radiopresidenteibanez.cl\/web\/wp-json\/wp\/v2\/tags?post=19059"}],"curies":[{"name":"wp","href":"https:\/\/api.w.org\/{rel}","templated":true}]}}