{"id":19056,"date":"2021-03-09T15:38:26","date_gmt":"2021-03-09T15:38:26","guid":{"rendered":"https:\/\/www.radiopresidenteibanez.cl\/web\/?p=19056"},"modified":"2021-03-09T15:38:31","modified_gmt":"2021-03-09T15:38:31","slug":"gobernador-continua-su-trabajo-con-juntas-de-vecinos","status":"publish","type":"post","link":"https:\/\/www.radiopresidenteibanez.cl\/web\/gobernador-continua-su-trabajo-con-juntas-de-vecinos\/","title":{"rendered":"GOBERNADOR CONTIN\u00daA SU TRABAJO CON JUNTAS DE VECINOS"},"content":{"rendered":"\n<p>En varias jornadas\ny por diferentes motivos, el gobernador provincial de Magallanes, Alejandro\nV\u00e1squez se ha reunido con dirigentes vecinales de distintos puntos de la\nciudad, continuando con el trabajo territorial y avanzando en el contacto\npresencial, que recoge informaci\u00f3n directa de los requerimientos y necesidades\nde la poblaci\u00f3n.<\/p>\n\n\n\n<p>El gobernador\nV\u00e1squez explic\u00f3 que \u201cha sido una preocupaci\u00f3n del Presidente Pi\u00f1era que\nrealicemos trabajo en terreno, sobre todo en estos tiempos que han sido duros\npara todos a causa de la pandemia, por esa raz\u00f3n es importante acompa\u00f1ar a la\ngente, conocer la realidad que viven y responder a sus necesidades. En ese\nsentido estos acercamientos, con los vecinos y vecinas, cumpliendo con los\ncompromisos adquirido, nos ayudan a todos, contribuyen al crecimiento del\nterritorio que ellos habitan y por lo tanto, del pa\u00eds. <\/p>\n\n\n\n<p>De esa forma, en el\nCECOSF Damianovic realiz\u00f3 entrega de un televisor para la sala de espera del\nlugar, obtenido con recursos Fondes, a trav\u00e9s de un proyecto presentado a \u00e9ste\ny que cont\u00f3 con la asesor\u00eda de gobernaci\u00f3n. Este implemento beneficia con\ninformaci\u00f3n sobre el Covid-19 y otras materias a los usuarios de este centro\nasistencial.<\/p>\n\n\n\n<p>El dirigente social\nJos\u00e9 Necul, presidente de la Junta de Vecinos de Villa Australes, quien\npresent\u00f3 el proyecto, expres\u00f3 su agradecimiento y satisfacci\u00f3n por la gesti\u00f3n\nrealizada a trav\u00e9s del Fondes, al igual Marco Vivar, Encargado t\u00e9cnico del\ncentro y los funcionarios del mismo, quienes compartieron con el gobernador\ninquietudes y proyectos que tienen para el sector<\/p>\n\n\n\n<p>En otro punto de la\nciudad, junto a la Seremi de Bienes Nacionales, Municipalidad y DOH, la\nautoridad provincial concurri\u00f3 a la Junta de Vecinos de Villa Andrea en Pampa\nredonda, lugar donde fue requerida su presencia para informar sobre un caso de\nuso ilegal de terrenos (toma) que est\u00e1 afectando&nbsp; a vecinos y a Organizaci\u00f3n de peque\u00f1os\nagricultores del sector, involucrando pasos de servidumbre, contaminaci\u00f3n de\naguas, y tranquilidad de las familias. La situaci\u00f3n ser\u00e1 revisada y se buscar\u00e1\nsoluci\u00f3n con la coordinaci\u00f3n de los servicios pertinentes, que incluir\u00edan las\nacciones judiciales de restituci\u00f3n del bien ocupado en forma irregular.<\/p>\n\n\n\n<p>Por otra parte, el\ngobernador provincial se reuni\u00f3 en dependencias de la gobernaci\u00f3n con el\ndirector de la Junta de Vecinos 38 Seno Almirantazgo, H\u00e9ctor Arancibia, (en\nrepresentaci\u00f3n de su presidenta, Gladys Vargas), para buscar soluci\u00f3n a problemas\nde infraestructura sanitaria (construcci\u00f3n de ba\u00f1o) que adolece la sede e\ninfluye en su buen funcionamiento. Esta sede vecinal tiene mucho movimiento y gran\nafluencia de vecinos y vecinas, por lo que se precisan los cambios que\nsolicitan. <\/p>\n\n\n\n<p>Tanto en este\n\u00faltimo caso, como en el de Pampa Redonda, se est\u00e1n realizando las gestiones\nnecesarias para resolver las situaciones, que aunque distintas y de diferente\nmagnitud, aquejan a los vecinos y vecinas y por lo tanto requieren de atenci\u00f3n\ndefinitiva.<\/p>\n\n\n\n<p>El gobernador\nV\u00e1squez, enfatiz\u00f3 en el hecho de brindar ayuda a la comunidad, a los vecinos y\nvecinas de la provincia que realicen alguna solicitud de ayuda, explicando que\n\u201ces nuestro deber llegar al territorio, acudir hasta el lugar donde viven\nnuestros vecinos, enterarnos in situ de los problemas que les aquejan y, si no\npodemos resolverlo en gobernaci\u00f3n, realizar las coordinaciones necesarias con\nel Servicio pertinente para que obtengan una soluci\u00f3n\u201d. Agregando que \u201cnosotros\nsomos un instrumento de ayuda, quisi\u00e9ramos que nadie tuviera carencias, dificultades,\npero \u00e9stas existen y no podemos ignorarlas. Tenemos que ser solidarios y\npracticar siempre la empat\u00eda. Hay situaciones m\u00e1s dif\u00edciles de resolver que\notras, pero por lo menos tenemos que intentar resolver y ocuparnos de los\nproblemas\u201d.<\/p>\n\n\n\n<p>Por otra parte, y\ndado el contexto de pandemia, continuando con los di\u00e1logos online, &nbsp;la oferta p\u00fablica tambi\u00e9n se hace llegar a las\npersonas a trav\u00e9s de las plataformas disponibles. \u201cEs una forma eficaz de\nmantener informada a la gente magall\u00e1nica, sobre los beneficios a los que puede\nacceder, por ejemplo, o de actividades o acciones que les pueden favorecer, de\nmanera tal que todos avancemos. Es una forma de ofrecer oportunidades a las\npersonas y acortar las brechas de desigualdad, que es lo que todos queremos\u201d,\nfinaliz\u00f3 el gobernador. <\/p>\n","protected":false},"excerpt":{"rendered":"<p>En varias jornadas y por diferentes motivos, el gobernador provincial de Magallanes, Alejandro V\u00e1squez se ha reunido con dirigentes vecinales de distintos puntos de la ciudad, continuando con el trabajo&#8230; <a class=\"read-more\" href=\"https:\/\/www.radiopresidenteibanez.cl\/web\/gobernador-continua-su-trabajo-con-juntas-de-vecinos\/\">Leer m\u00e1s<\/a><\/p>\n","protected":false},"author":2,"featured_media":19057,"comment_status":"closed","ping_status":"closed","sticky":false,"template":"","format":"standard","meta":{"footnotes":""},"categories":[1],"tags":[],"class_list":["post-19056","post","type-post","status-publish","format-standard","has-post-thumbnail","hentry","category-cronica"],"_links":{"self":[{"href":"https:\/\/www.radiopresidenteibanez.cl\/web\/wp-json\/wp\/v2\/posts\/19056","targetHints":{"allow":["GET"]}}],"collection":[{"href":"https:\/\/www.radiopresidenteibanez.cl\/web\/wp-json\/wp\/v2\/posts"}],"about":[{"href":"https:\/\/www.radiopresidenteibanez.cl\/web\/wp-json\/wp\/v2\/types\/post"}],"author":[{"embeddable":true,"href":"https:\/\/www.radiopresidenteibanez.cl\/web\/wp-json\/wp\/v2\/users\/2"}],"replies":[{"embeddable":true,"href":"https:\/\/www.radiopresidenteibanez.cl\/web\/wp-json\/wp\/v2\/comments?post=19056"}],"version-history":[{"count":0,"href":"https:\/\/www.radiopresidenteibanez.cl\/web\/wp-json\/wp\/v2\/posts\/19056\/revisions"}],"wp:featuredmedia":[{"embeddable":true,"href":"https:\/\/www.radiopresidenteibanez.cl\/web\/wp-json\/wp\/v2\/media\/19057"}],"wp:attachment":[{"href":"https:\/\/www.radiopresidenteibanez.cl\/web\/wp-json\/wp\/v2\/media?parent=19056"}],"wp:term":[{"taxonomy":"category","embeddable":true,"href":"https:\/\/www.radiopresidenteibanez.cl\/web\/wp-json\/wp\/v2\/categories?post=19056"},{"taxonomy":"post_tag","embeddable":true,"href":"https:\/\/www.radiopresidenteibanez.cl\/web\/wp-json\/wp\/v2\/tags?post=19056"}],"curies":[{"name":"wp","href":"https:\/\/api.w.org\/{rel}","templated":true}]}}