{"id":19053,"date":"2021-03-09T15:36:17","date_gmt":"2021-03-09T15:36:17","guid":{"rendered":"https:\/\/www.radiopresidenteibanez.cl\/web\/?p=19053"},"modified":"2021-03-09T15:36:23","modified_gmt":"2021-03-09T15:36:23","slug":"rodoviario-municipal-de-natales-realiza-balance-despues-de-la-apertura-del-cordon-sanitario","status":"publish","type":"post","link":"https:\/\/www.radiopresidenteibanez.cl\/web\/rodoviario-municipal-de-natales-realiza-balance-despues-de-la-apertura-del-cordon-sanitario\/","title":{"rendered":"RODOVIARIO MUNICIPAL DE NATALES REALIZA BALANCE DESPU\u00c9S DE LA APERTURA DEL CORD\u00d3N SANITARIO"},"content":{"rendered":"\n<p>Un importante incremento de pasajeros tuvo el\nRodoviario Municipal de Natales desde que se decret\u00f3 la apertura del cord\u00f3n\nsanitario entre Punta Arenas y Puerto Natales, as\u00ed lo inform\u00f3 Fernando Paredes\nMansilla quien visit\u00f3 el recinto municipal para verificar el correcto\nfuncionamiento de las instalaciones en pandemia.<\/p>\n\n\n\n<p>Seg\u00fan informaron desde la administraci\u00f3n de la Corporaci\u00f3n\nMunicipal de Cultura, Turismo y Patrimonio, el flujo del \u00faltimo trimestre fue\nde 27.400 pasajeros correspondiente a los meses de diciembre, enero y febrero. <\/p>\n\n\n\n<p>El alcalde de la comuna, Fernando Paredes Mansilla,\nse\u00f1al\u00f3 que el Rodoviario fue uno de los primeros recintos municipales en abrir\nlas puertas al p\u00fablico, y destac\u00f3 que en la actualidad es el local municipal\nque m\u00e1s personas recibe en la comuna. \u201cEstamos funcionando al 10% de lo que\nestaba funcionando en una temporada normal, pero poco a poco vamos empezando a\nretomar los ritmos, porque aqu\u00ed hubo un cambio brusco el 15 de febrero cuando\nse elimin\u00f3 el cord\u00f3n sanitario, ah\u00ed comenz\u00f3 a aumentar el movimiento de manera progresiva\u201d.<\/p>\n\n\n\n<p>Junto con lo anterior, la m\u00e1xima autoridad comunal,\nfelicit\u00f3 a los funcionarios por el correcto funcionamiento de los protocolos en\nel Rodoviario Municipal, recalcando el control de aforo m\u00e1ximo, la asistencia\nal pasajero, el anuncio de medidas covid-19, la desinfecci\u00f3n permanente de\npisos y el control de distancia f\u00edsica.<\/p>\n\n\n\n<p>&nbsp;Finalmente,\nFernando Paredes agradeci\u00f3 a la comunidad por el correcto comportamiento\ndurante los \u00faltimos meses de pandemia, lo que seg\u00fan \u00e9l, permitir\u00e1 avanzar en el\nPlan Paso a Paso. \u201cEl pasar a Fase 3 indudablemente que nos facilita desde el\npunto de vista tur\u00edstico y econ\u00f3mico un poco m\u00e1s de libertad. Hago una\nvaloraci\u00f3n y un agradecimiento profundo a los habitantes de Puerto Natales,\nporque hoy d\u00eda hay un autocuidado que se est\u00e1 ejerciendo por parte de la\npoblaci\u00f3n de manera responsable\u201d.<\/p>\n\n\n\n<p>El horario de funcionamiento del terminal de buses es\nde 06:00 a 23:00 hrs con un aforo m\u00e1ximo de 80 personas. Al ingresar, cada pasajero\ndebe presentar el pasaporte sanitario en el control permanente de la Serem\u00eda de\nSalud de Magallanes. <\/p>\n","protected":false},"excerpt":{"rendered":"<p>Un importante incremento de pasajeros tuvo el Rodoviario Municipal de Natales desde que se decret\u00f3 la apertura del cord\u00f3n sanitario entre Punta Arenas y Puerto Natales, as\u00ed lo inform\u00f3 Fernando&#8230; <a class=\"read-more\" href=\"https:\/\/www.radiopresidenteibanez.cl\/web\/rodoviario-municipal-de-natales-realiza-balance-despues-de-la-apertura-del-cordon-sanitario\/\">Leer m\u00e1s<\/a><\/p>\n","protected":false},"author":2,"featured_media":19054,"comment_status":"closed","ping_status":"closed","sticky":false,"template":"","format":"standard","meta":{"footnotes":""},"categories":[1],"tags":[],"class_list":["post-19053","post","type-post","status-publish","format-standard","has-post-thumbnail","hentry","category-cronica"],"_links":{"self":[{"href":"https:\/\/www.radiopresidenteibanez.cl\/web\/wp-json\/wp\/v2\/posts\/19053","targetHints":{"allow":["GET"]}}],"collection":[{"href":"https:\/\/www.radiopresidenteibanez.cl\/web\/wp-json\/wp\/v2\/posts"}],"about":[{"href":"https:\/\/www.radiopresidenteibanez.cl\/web\/wp-json\/wp\/v2\/types\/post"}],"author":[{"embeddable":true,"href":"https:\/\/www.radiopresidenteibanez.cl\/web\/wp-json\/wp\/v2\/users\/2"}],"replies":[{"embeddable":true,"href":"https:\/\/www.radiopresidenteibanez.cl\/web\/wp-json\/wp\/v2\/comments?post=19053"}],"version-history":[{"count":0,"href":"https:\/\/www.radiopresidenteibanez.cl\/web\/wp-json\/wp\/v2\/posts\/19053\/revisions"}],"wp:featuredmedia":[{"embeddable":true,"href":"https:\/\/www.radiopresidenteibanez.cl\/web\/wp-json\/wp\/v2\/media\/19054"}],"wp:attachment":[{"href":"https:\/\/www.radiopresidenteibanez.cl\/web\/wp-json\/wp\/v2\/media?parent=19053"}],"wp:term":[{"taxonomy":"category","embeddable":true,"href":"https:\/\/www.radiopresidenteibanez.cl\/web\/wp-json\/wp\/v2\/categories?post=19053"},{"taxonomy":"post_tag","embeddable":true,"href":"https:\/\/www.radiopresidenteibanez.cl\/web\/wp-json\/wp\/v2\/tags?post=19053"}],"curies":[{"name":"wp","href":"https:\/\/api.w.org\/{rel}","templated":true}]}}