{"id":19050,"date":"2021-03-09T15:31:12","date_gmt":"2021-03-09T15:31:12","guid":{"rendered":"https:\/\/www.radiopresidenteibanez.cl\/web\/?p=19050"},"modified":"2021-03-09T15:31:18","modified_gmt":"2021-03-09T15:31:18","slug":"desarrollo-social-y-familia-aprobo-proyecto-para-el-mejoramiento-de-la-posta-rural-de-puerto-eden","status":"publish","type":"post","link":"https:\/\/www.radiopresidenteibanez.cl\/web\/desarrollo-social-y-familia-aprobo-proyecto-para-el-mejoramiento-de-la-posta-rural-de-puerto-eden\/","title":{"rendered":"DESARROLLO SOCIAL Y FAMILIA APROB\u00d3 PROYECTO PARA EL MEJORAMIENTO DE LA POSTA RURAL DE PUERTO ED\u00c9N"},"content":{"rendered":"\n<p>Ubicada en el extremo norte de la provincia de \u00daltima Esperanza, la localidad de Puerto Ed\u00e9n contar\u00e1 con nuevas mejoras en materia de salud para sus 254 habitantes y la poblaci\u00f3n flotante asociada al turismo y a la ruta comercial mar\u00edtima.<\/p>\n\n\n\n<p>Se trata del proyecto destinado a la ampliaci\u00f3n y mejoramiento de la posta de salud rural de Puerto Ed\u00e9n, construida en el 2001 y que este a\u00f1o espera contar con ampliaciones en sus \u00e1reas de bodega, sala de caldera, lavander\u00eda y la construcci\u00f3n de una vivienda para el profesional de salud a cargo, espacio que sumar\u00e1&nbsp;37,7 metros cuadrados a los 151 existentes.<\/p>\n\n\n\n<p>Para obtener los recursos por parte del Gobierno Regional este proyecto fue analizado recientemente por los&nbsp;analistas del departamento de Inversiones de la&nbsp;Seremi de Desarrollo Social y Familia de Magallanes, quienes otorgaron la recomendaci\u00f3n satisfactoria sobre la rentabilidad social, evaluaci\u00f3n que permitir\u00e1 darle continuidad a la etapa de identificaci\u00f3n y ejecuci\u00f3n presupuestaria.<\/p>\n\n\n\n<p>La Seremi de Desarrollo Social y Familia subrogante, Catalina Alarc\u00f3n, argument\u00f3 que \u201cnuestros analistas concluyeron que la alternativa m\u00e1s rentable en t\u00e9rminos sociales fue ampliar y mejorar la actual instalaci\u00f3n de salud, descartando una nueva construcci\u00f3n. El proyecto evaluado tiene un valor total de $195.790.000\u201d.<\/p>\n\n\n\n<p>Para la Intendenta de Magallanes y la Ant\u00e1rtica Chilena, Jennifer Rojas,&nbsp;la salud es un aspecto importante del desarrollo humano. \u201cEn estos 20 a\u00f1os hemos visto como la poblaci\u00f3n flotante de Puerto Ed\u00e9n ha ido en aumento, debido al turismo y al tr\u00e1fico mar\u00edtimo del sector, por lo que contar con una mejor atenci\u00f3n primaria, la puerta de entrada a la salud p\u00fablica, representa una necesidad considerando que Puerto Ed\u00e9n posee un gran aislamiento geogr\u00e1fico. La ciudad m\u00e1s cercana que tienen sus habitantes es Puerto Natales, a la cual se puede acceder por v\u00eda mar\u00edtima, en un tiempo cercano a 27 horas de navegaci\u00f3n\u201d, se\u00f1al\u00f3 la m\u00e1xima autoridad regional.<\/p>\n\n\n\n<p>Luego de haber sido declarada Zona Rezagada, Puerto Ed\u00e9n recibir\u00e1 m\u00e1s de $22 mil millones para la ejecuci\u00f3n de 33 proyectos que buscan reducir las brechas de car\u00e1cter territorial, destacando la construcci\u00f3n de un sistema de energizaci\u00f3n, alcantarillado y de aguas servidas.<\/p>\n\n\n\n<p>Durante el a\u00f1o 2020, el departamento de Inversiones de la Seremi de Desarrollo Social y Familia de Magallanes evalu\u00f3 un total de 352 iniciativas que solicitaron financiamiento del Estado con el fin de determinar la rentabilidad social, entendida como la valorizaci\u00f3n de los beneficios y costos desde el enfoque del bienestar social.<\/p>\n","protected":false},"excerpt":{"rendered":"<p>Ubicada en el extremo norte de la provincia de \u00daltima Esperanza, la localidad de Puerto Ed\u00e9n contar\u00e1 con nuevas mejoras en materia de salud para sus 254 habitantes y la&#8230; <a class=\"read-more\" href=\"https:\/\/www.radiopresidenteibanez.cl\/web\/desarrollo-social-y-familia-aprobo-proyecto-para-el-mejoramiento-de-la-posta-rural-de-puerto-eden\/\">Leer m\u00e1s<\/a><\/p>\n","protected":false},"author":2,"featured_media":19051,"comment_status":"closed","ping_status":"closed","sticky":false,"template":"","format":"standard","meta":{"footnotes":""},"categories":[1],"tags":[],"class_list":["post-19050","post","type-post","status-publish","format-standard","has-post-thumbnail","hentry","category-cronica"],"_links":{"self":[{"href":"https:\/\/www.radiopresidenteibanez.cl\/web\/wp-json\/wp\/v2\/posts\/19050","targetHints":{"allow":["GET"]}}],"collection":[{"href":"https:\/\/www.radiopresidenteibanez.cl\/web\/wp-json\/wp\/v2\/posts"}],"about":[{"href":"https:\/\/www.radiopresidenteibanez.cl\/web\/wp-json\/wp\/v2\/types\/post"}],"author":[{"embeddable":true,"href":"https:\/\/www.radiopresidenteibanez.cl\/web\/wp-json\/wp\/v2\/users\/2"}],"replies":[{"embeddable":true,"href":"https:\/\/www.radiopresidenteibanez.cl\/web\/wp-json\/wp\/v2\/comments?post=19050"}],"version-history":[{"count":0,"href":"https:\/\/www.radiopresidenteibanez.cl\/web\/wp-json\/wp\/v2\/posts\/19050\/revisions"}],"wp:featuredmedia":[{"embeddable":true,"href":"https:\/\/www.radiopresidenteibanez.cl\/web\/wp-json\/wp\/v2\/media\/19051"}],"wp:attachment":[{"href":"https:\/\/www.radiopresidenteibanez.cl\/web\/wp-json\/wp\/v2\/media?parent=19050"}],"wp:term":[{"taxonomy":"category","embeddable":true,"href":"https:\/\/www.radiopresidenteibanez.cl\/web\/wp-json\/wp\/v2\/categories?post=19050"},{"taxonomy":"post_tag","embeddable":true,"href":"https:\/\/www.radiopresidenteibanez.cl\/web\/wp-json\/wp\/v2\/tags?post=19050"}],"curies":[{"name":"wp","href":"https:\/\/api.w.org\/{rel}","templated":true}]}}