{"id":19041,"date":"2021-03-08T01:01:46","date_gmt":"2021-03-08T01:01:46","guid":{"rendered":"https:\/\/www.radiopresidenteibanez.cl\/web\/?p=19041"},"modified":"2021-03-08T01:01:52","modified_gmt":"2021-03-08T01:01:52","slug":"ssm-desarrolla-plan-piloto-para-mitigar-el-impacto-de-la-salud-mental-en-punta-arenas","status":"publish","type":"post","link":"https:\/\/www.radiopresidenteibanez.cl\/web\/ssm-desarrolla-plan-piloto-para-mitigar-el-impacto-de-la-salud-mental-en-punta-arenas\/","title":{"rendered":"SSM DESARROLLA PLAN PILOTO PARA MITIGAR EL IMPACTO DE LA SALUD MENTAL EN PUNTA ARENAS"},"content":{"rendered":"\n<p>La pandemia del Coronavirus ha dejado grandes impactos en el ser humano\ny uno de ellos es la salud mental. <\/p>\n\n\n\n<p>De acuerdo con el \u00faltimo estudio del Ministerio de Salud, el 7,5 por\nciento de la poblaci\u00f3n en general presenta un trastorno depresivo y, el 30 % de\nlos consultados son diagnosticados bajo esta patolog\u00eda.<\/p>\n\n\n\n<p>Estos estudios realzaron la importancia que tiene la salud mental en la\npoblaci\u00f3n y llevaron a que la Subdirecci\u00f3n de Atenci\u00f3n Primaria del Servicio de\nSalud Magallanes (SSM) en colaboraci\u00f3n con el Departamento de Salud Mental,\ndesarrollara un plan piloto denominado \u201cSalud Mental en Pandemia\u201d. <\/p>\n\n\n\n<p>Debido a su importancia, su principal objetivo es fortalecer las\nrespuestas adaptativas a trav\u00e9s de intervenciones comunitarias para disminuir\nel impacto sicol\u00f3gico del Covid-19, adem\u00e1s de entregar herramientas de\nautocuidado y brindar un espacio de conversaci\u00f3n y contenci\u00f3n donde puedan\nexpresar sus temores e inquietudes, y si es necesario, entregar intervenciones\nsicol\u00f3gicas breves. <\/p>\n\n\n\n<p>El novedoso proyecto piloto, fue presentado ayer a los dirigentes de\nlas Juntas de Vecinos de Punta Arenas para realzar el compromiso que tiene el\nServicio de Salud Magallanes con la comunidad puntarenense. Adem\u00e1s, considera\nla atenci\u00f3n en la comuna de Natales y el abordaje de la misma patolog\u00eda a\nfuncionarios del Servicio de Salud.<\/p>\n\n\n\n<p><strong>Los tres pilares <\/strong><\/p>\n\n\n\n<p>La jefa (s) del Departamento Salud Mental del SSM, Marisa Pumarino,\nexplic\u00f3 que la promoci\u00f3n de la salud mental aspira a tres aspectos\nfundamentales en la poblaci\u00f3n: participaci\u00f3n activa de la comunidad,\ntransformaci\u00f3n de lazos comunitarios y la constituci\u00f3n de la comunidad como\nsujeto activo de transformaci\u00f3n de sus realidades. <\/p>\n\n\n\n<p>\u201cLa prevenci\u00f3n de salud mental comunitaria constituye un esfuerzo por\nconocer, promover y apoyar las capacidades de autogesti\u00f3n de las personas y sus\nfamilias. La prevenci\u00f3n busca fortalecer aquellas condiciones protectoras\nidentificadas en una comunidad, y contrarrestar los efectos que tienen los\ndeterminantes sociales desfavorables sobre la salud de grupos y familias\u201d,\nprecisa Pumarino. <\/p>\n\n\n\n<p>El proyecto podr\u00eda ser un puente que permita redescubrir la realidad de\nla salud mental en la comuna, y ver c\u00f3mo los determinantes sociales pueden\nllegar a afectar la salud mental de la poblaci\u00f3n.<\/p>\n\n\n\n<p><strong>En beneficio de la comunidad<\/strong><\/p>\n\n\n\n<p>Una de las presentes, fue la presidenta de la Uni\u00f3n\nComunal de Juntas de Vecinos \u201cHernando de Magallanes\u201d, Raquel \u00c1lvarez, quien\nvalor\u00f3 la presentaci\u00f3n del proyecto que va en directo beneficio a la salud\nmental de los vecinos.<\/p>\n\n\n\n<p>\u201cEste proyecto no solo beneficia a los adultos\nmayores sino a todos los vecinos, que han estado mucho m\u00e1s estresados debido a\nla pandemia. Es una muy buena iniciativa que ha desarrollado el SSM y es bueno\nque se haya realizado en este tiempo que tenemos menos restricci\u00f3n, porque\nquiz\u00e1s el a\u00f1o pasado iba a ser m\u00e1s complicado, pero es bueno que se haya\nlevantado este proyecto y poder trabajarlos con los dirigentes sociales\u201d,\ncoment\u00f3 \u00c1lvarez. <\/p>\n\n\n\n<p><strong>La importancia de las prestaciones <\/strong><\/p>\n\n\n\n<p>La sic\u00f3loga referente de Salud Mental de la\nSubdirecci\u00f3n de APS del SSM, Nicole Bahamonde, plante\u00f3 la posibilidad de que\nlos dirigentes puedan facilitar espacios para realizar diversas prestaciones\nque se puedan implementar: talleres presenciales y atenciones individuales y\ngrupales, respetando los aforos y normas sanitarias. <\/p>\n\n\n\n<p>\u201cEste es un proyecto que est\u00e1 orientado a mitigar el\nimpacto que ha tenido la pandemia en la salud mental de las personas,\nentregando estrategias de autocuidado, refuerzos, competencias y buenas\npr\u00e1cticas asociadas a la salud mental, y en caso de que alg\u00fan usuario lo\nrequiera, realizar una intervenci\u00f3n breve y acotada\u201d, manifest\u00f3 la sic\u00f3loga\nBahamonde. <\/p>\n\n\n\n<p>El proyecto piloto, est\u00e1 enfocado en entregar un\natenci\u00f3n m\u00e1s cercana y oportuna a los vecinos y promover una atenci\u00f3n que,\ndebido a la emergencia sanitaria ha generado una gran brecha en el impacto de\nla salud mental. <\/p>\n\n\n\n<p>Cabe destacar\nque, en esta primera instancia, se present\u00f3 el proyecto a los dirigentes\nvecinales y posteriormente, se realizar\u00e1n otras actividades para seguir\ndifundiendo esta valiosa iniciativa dirigido a otros actores comunitarios. <\/p>\n","protected":false},"excerpt":{"rendered":"<p>La pandemia del Coronavirus ha dejado grandes impactos en el ser humano y uno de ellos es la salud mental. De acuerdo con el \u00faltimo estudio del Ministerio de Salud,&#8230; <a class=\"read-more\" href=\"https:\/\/www.radiopresidenteibanez.cl\/web\/ssm-desarrolla-plan-piloto-para-mitigar-el-impacto-de-la-salud-mental-en-punta-arenas\/\">Leer m\u00e1s<\/a><\/p>\n","protected":false},"author":2,"featured_media":19042,"comment_status":"closed","ping_status":"closed","sticky":false,"template":"","format":"standard","meta":{"footnotes":""},"categories":[1],"tags":[],"class_list":["post-19041","post","type-post","status-publish","format-standard","has-post-thumbnail","hentry","category-cronica"],"_links":{"self":[{"href":"https:\/\/www.radiopresidenteibanez.cl\/web\/wp-json\/wp\/v2\/posts\/19041","targetHints":{"allow":["GET"]}}],"collection":[{"href":"https:\/\/www.radiopresidenteibanez.cl\/web\/wp-json\/wp\/v2\/posts"}],"about":[{"href":"https:\/\/www.radiopresidenteibanez.cl\/web\/wp-json\/wp\/v2\/types\/post"}],"author":[{"embeddable":true,"href":"https:\/\/www.radiopresidenteibanez.cl\/web\/wp-json\/wp\/v2\/users\/2"}],"replies":[{"embeddable":true,"href":"https:\/\/www.radiopresidenteibanez.cl\/web\/wp-json\/wp\/v2\/comments?post=19041"}],"version-history":[{"count":0,"href":"https:\/\/www.radiopresidenteibanez.cl\/web\/wp-json\/wp\/v2\/posts\/19041\/revisions"}],"wp:featuredmedia":[{"embeddable":true,"href":"https:\/\/www.radiopresidenteibanez.cl\/web\/wp-json\/wp\/v2\/media\/19042"}],"wp:attachment":[{"href":"https:\/\/www.radiopresidenteibanez.cl\/web\/wp-json\/wp\/v2\/media?parent=19041"}],"wp:term":[{"taxonomy":"category","embeddable":true,"href":"https:\/\/www.radiopresidenteibanez.cl\/web\/wp-json\/wp\/v2\/categories?post=19041"},{"taxonomy":"post_tag","embeddable":true,"href":"https:\/\/www.radiopresidenteibanez.cl\/web\/wp-json\/wp\/v2\/tags?post=19041"}],"curies":[{"name":"wp","href":"https:\/\/api.w.org\/{rel}","templated":true}]}}