{"id":19038,"date":"2021-03-08T00:58:58","date_gmt":"2021-03-08T00:58:58","guid":{"rendered":"https:\/\/www.radiopresidenteibanez.cl\/web\/?p=19038"},"modified":"2021-03-08T00:59:03","modified_gmt":"2021-03-08T00:59:03","slug":"entidad-patrocinante-municipal-sumo-10-nuevas-agrupaciones-de-vivienda","status":"publish","type":"post","link":"https:\/\/www.radiopresidenteibanez.cl\/web\/entidad-patrocinante-municipal-sumo-10-nuevas-agrupaciones-de-vivienda\/","title":{"rendered":"ENTIDAD PATROCINANTE MUNICIPAL SUM\u00d3 10 NUEVAS AGRUPACIONES DE VIVIENDA"},"content":{"rendered":"\n<p>Una de las acciones m\u00e1s aplaudidas por los vecinos de Punta Arenas, ha sido la reactivaci\u00f3n de la Entidad Patrocinante Municipal de Vivienda, durante la administraci\u00f3n del Alcalde Claudio Radonich, cumpliendo as\u00ed un rol activo y preponderante &nbsp;en la b\u00fasqueda de soluciones habitacionales, mediante un trabajo conjunto entre la Municipalidad de Punta Arenas, SERVIU Magallanes y las agrupaciones de Vivienda, labor que ha permitido que hoy 125 familias ya cuentan con casa propia, y otras mil est\u00e1n a la espera de su nuevo hogar, al encontrarse en construcci\u00f3n.<\/p>\n\n\n\n<p>De esta manera, el trabajo desarrollado por la EP Municipal ha sido destacado no s\u00f3lo por las autoridades locales, sino que tambi\u00e9n por el Ministro de Vivienda Felipe Ward, quien en su \u00faltima visita a Magallanes, se reuni\u00f3 con vecinos de nuestra ciudad para ser parte de la constituci\u00f3n formal de 10 nuevas agrupaciones de Vivienda, que estar\u00e1n bajo el alero de la Municipalidad.<\/p>\n\n\n\n<p>El alcalde Claudio Radonich detall\u00f3 que \u201cactualmente, son 10 grupos los que se han constituido, de los cuales comenzamos con dos que se constituyeron el d\u00eda de ayer junto al Ministro Ward, y durante las pr\u00f3ximas semanas seguimos con el resto, mediante el cual les informamos los procedimientos, los tiempos y todo lo vinculado, con el fin de ser claros, transparentes y as\u00ed no generar falsas expectativas\u201d.<\/p>\n\n\n\n<p>\u201cEste es un programa que anunciamos en el mes de enero de este a\u00f1o, para todas las personas que hab\u00edan postulado individualmente a los subsidios DS49 del SERVIU, y que no fueron seleccionados, el cual ofrece a estas familias un plan B que consiste en agruparse al alero de la Municipalidad\u201d, agreg\u00f3 Radonich.<\/p>\n\n\n\n<p>Frente a ello, el Ministro Felipe Ward dijo que \u201ccuando hay una autoridad que tiene cercan\u00eda con la ciudadan\u00eda, y que tiene contacto permanente con los vecinos, encuentra nuevas soluciones, y aqu\u00ed el Alcalde de Punta Arenas ha encontrado una\u201d.<\/p>\n\n\n\n<p>\u201cHay muchas personas que postulan individualmente a los diferentes subsidios que tienen el Ministerio de Vivienda y la propuesta es que se organicen y que act\u00faen como comit\u00e9s de vivienda y as\u00ed aumentar las probabilidades de obtener los subsidios, por lo que es una buena iniciativa y creo que la vamos a replicar en el resto del pa\u00eds\u201d, destac\u00f3 Ward.<\/p>\n\n\n\n<p>En ese sentido, uno de las personas que destac\u00f3 el trabajo que se ha desarrollado fue Carlos Coronado, Presidente de la Agrupaci\u00f3n de Vivienda ADAMA Patagonia, quien expres\u00f3 que \u201ces algo que me tiene muy conforme, y me hace creer en las personas, porque es primera vez que soy dirigente y presidente de una agrupaci\u00f3n de vivienda. Esto parti\u00f3 porque no quer\u00eda ser uno de los estafados, as\u00ed que me ofrec\u00ed para ser parte de la directiva. Hoy tenemos confianza y la transparencia del Alcalde y SERVIU, lo que se percibe de piel, por lo que igualmente lo transmito\u201d.<\/p>\n\n\n\n<p>Asimismo, Cristina Mamani, dirigente de la Agrupaci\u00f3n Esperanza, dijo \u201cme parece estupendo que estemos trabajando en conjunto. Se agradece a la Municipalidad, ya que han trabajado con nosotros, al ser una agrupaci\u00f3n nueva, porque nos han brindado el apoyo y la transparencia que necesitamos para confiar en algo tan importante, como es la necesidad de obtener nuestra casa propia\u201d.<\/p>\n\n\n\n<p>Finalmente, el jefe comunal reiter\u00f3 que \u201clo hemos dicho desde el primer d\u00eda, la antig\u00fcedad aqu\u00ed es fundamental, porque es importante ser transparentes e informar que los recursos no son infinitos, por tanto, no generamos falsas expectativas frente a algo tan importante como es la vivienda. Hoy tenemos a un Ministro muy comprometido, un SERVIU Regional muy comprometido, pero tambi\u00e9n a un CORE muy comprometido con estas iniciativas municipales\u201d.<\/p>\n","protected":false},"excerpt":{"rendered":"<p>Una de las acciones m\u00e1s aplaudidas por los vecinos de Punta Arenas, ha sido la reactivaci\u00f3n de la Entidad Patrocinante Municipal de Vivienda, durante la administraci\u00f3n del Alcalde Claudio Radonich,&#8230; <a class=\"read-more\" href=\"https:\/\/www.radiopresidenteibanez.cl\/web\/entidad-patrocinante-municipal-sumo-10-nuevas-agrupaciones-de-vivienda\/\">Leer m\u00e1s<\/a><\/p>\n","protected":false},"author":2,"featured_media":19039,"comment_status":"closed","ping_status":"closed","sticky":false,"template":"","format":"standard","meta":{"footnotes":""},"categories":[1],"tags":[],"class_list":["post-19038","post","type-post","status-publish","format-standard","has-post-thumbnail","hentry","category-cronica"],"_links":{"self":[{"href":"https:\/\/www.radiopresidenteibanez.cl\/web\/wp-json\/wp\/v2\/posts\/19038","targetHints":{"allow":["GET"]}}],"collection":[{"href":"https:\/\/www.radiopresidenteibanez.cl\/web\/wp-json\/wp\/v2\/posts"}],"about":[{"href":"https:\/\/www.radiopresidenteibanez.cl\/web\/wp-json\/wp\/v2\/types\/post"}],"author":[{"embeddable":true,"href":"https:\/\/www.radiopresidenteibanez.cl\/web\/wp-json\/wp\/v2\/users\/2"}],"replies":[{"embeddable":true,"href":"https:\/\/www.radiopresidenteibanez.cl\/web\/wp-json\/wp\/v2\/comments?post=19038"}],"version-history":[{"count":0,"href":"https:\/\/www.radiopresidenteibanez.cl\/web\/wp-json\/wp\/v2\/posts\/19038\/revisions"}],"wp:featuredmedia":[{"embeddable":true,"href":"https:\/\/www.radiopresidenteibanez.cl\/web\/wp-json\/wp\/v2\/media\/19039"}],"wp:attachment":[{"href":"https:\/\/www.radiopresidenteibanez.cl\/web\/wp-json\/wp\/v2\/media?parent=19038"}],"wp:term":[{"taxonomy":"category","embeddable":true,"href":"https:\/\/www.radiopresidenteibanez.cl\/web\/wp-json\/wp\/v2\/categories?post=19038"},{"taxonomy":"post_tag","embeddable":true,"href":"https:\/\/www.radiopresidenteibanez.cl\/web\/wp-json\/wp\/v2\/tags?post=19038"}],"curies":[{"name":"wp","href":"https:\/\/api.w.org\/{rel}","templated":true}]}}