{"id":19035,"date":"2021-03-08T00:55:09","date_gmt":"2021-03-08T00:55:09","guid":{"rendered":"https:\/\/www.radiopresidenteibanez.cl\/web\/?p=19035"},"modified":"2021-03-08T00:55:15","modified_gmt":"2021-03-08T00:55:15","slug":"15-mujeres-de-punta-arenas-fueron-destacadas-por-el-municipio-en-el-marco-del-dia-internacional-de-la-mujer","status":"publish","type":"post","link":"https:\/\/www.radiopresidenteibanez.cl\/web\/15-mujeres-de-punta-arenas-fueron-destacadas-por-el-municipio-en-el-marco-del-dia-internacional-de-la-mujer\/","title":{"rendered":"15 MUJERES DE PUNTA ARENAS FUERON DESTACADAS POR EL MUNICIPIO EN EL MARCO DEL D\u00cdA INTERNACIONAL DE LA MUJER"},"content":{"rendered":"\n<p>En el marco del D\u00eda Internacional de la Mujer, que se\nconmemora este lunes 8 de marzo, el Municipio de Punta Arenas entreg\u00f3 un\nreconocimiento a 15 mujeres destacadas de la comuna, en su mayor\u00eda por su\naporte y reinvenci\u00f3n durante la Pandemia.<\/p>\n\n\n\n<p>\u201c15 mujeres que durante el a\u00f1o 2020 estuvieron marcadas por\nel servicio p\u00fablico, sobre todo por el tema Covid, desde doctoras, enfermeras,\ntens, que estuvieron en la Uti, personas que tuvieron contagios, que se\nrecuperaron, que estuvieron entubadas. Personas que sacaron una m\u00e1quina de\ncoser a pedales, una vecina de nuestra ciudad que su misi\u00f3n fue hacer\nmascarillas para sus vecinos cuando \u00e9stas eran muy caras\u201d, afirm\u00f3 el alcalde de\nPunta Arenas, Claudio Radonich, destacando la labor de cada una de las mujeres\ngalardonadas este a\u00f1o.<\/p>\n\n\n\n<p>Cada una de ellas, se mostraron muy contentas y agradecidas\npor el reconocimiento entregado.<\/p>\n\n\n\n<p>\u201cFue un momento emotivo que me hizo recordar el a\u00f1o 2020,\nque efectivamente fue un a\u00f1o duro para nosotros como hospital. El prepararnos\npara la pandemia, sabiendo que ten\u00edamos que dar respuesta a la comunidad de\nPunta Arenas y de la regi\u00f3n respecto a la salud, pero tambi\u00e9n en lo personal\ncuando enferm\u00e9\u201d, afirm\u00f3 la doctora Mar\u00eda Isabel Iduya, subdirectora m\u00e9dica el\nHospital Cl\u00ednico de Magallanes.<\/p>\n\n\n\n<p>Por su parte, Mariela Delgado Barrientos, fundadora de\nPlaytime y ganadora del premio Crece Mujer de Banco Estado, se\u00f1al\u00f3 que \u201cPara m\u00ed\nes un tremendo honor, una tremenda alegr\u00eda el haber sido reconocida entre\ntantas mujeres. Estoy muy contenta de tambi\u00e9n poder ver a otras mujeres que, a\npesar de lo dif\u00edcil de este a\u00f1o pudieron reinventarse, cada una en su \u00e1rea\u201d.<\/p>\n\n\n\n<p>La presidenta de la Junta de Vecinos Loteo del Mar, Claudia\nC\u00e1rdenas, destacada por su labor de cuidado hacia sus vecinos durante la\npandemia, indic\u00f3 que \u201cuna como dirigente social trabaja porque le nace. El\nhecho que te reconozcan, uno no lo espera, pero es maravilloso sentir esta\nsensaci\u00f3n de que hay gente atr\u00e1s que te est\u00e1 observando para que nosotros\npodamos entregar un legado a los m\u00e1s j\u00f3venes\u201d.<\/p>\n\n\n\n<p>Otra de las destacadas fue la infect\u00f3loga del Hospital\nCl\u00ednico, M\u00f3nica Pinto, quien se manifest\u00f3 \u201cmuy agradecida de la Municipalidad\nque premi\u00f3 a una serie de mujeres y dentro de ellas gente de la salud que nos\ntoc\u00f3 un a\u00f1o duro, as\u00ed que contenta como magall\u00e1nica adem\u00e1s, de ser reconocida\npor trabajar en la propia tierra\u201d.<\/p>\n\n\n\n<p>Finalmente, la se\u00f1ora Mar\u00eda Fidelina Torres, quien se\nreinvent\u00f3 durante la pandemia creando 400 mascarillas con una m\u00e1quina de\npedales. \u201cYo estaba muy mal, porque me hab\u00eda venido una depresi\u00f3n grande y era\nllorar y llorar. Entonces, lleg\u00f3 mi hija mayor y me dijo \u2018mamita, nosotros\nestamos haciendo mascarillas. \u00bfTe atreves a hacer?\u2019. Y yo le digo \u2018s\u00ed hija,\ns\u00ed\u2019. Qu\u00e9 contenta me puse\u201d, afirm\u00f3, agradeciendo al Municipio por el\nreconocimiento entregado.<\/p>\n\n\n\n<p>Las 15 mujeres destacadas fueron las siguientes:<\/p>\n\n\n\n<p>1. B\u00c1RBARA BUSTAMANTE DAMI\u00c1N<\/p>\n\n\n\n<p>Destacada Rugbysta. Comienza su trayectoria en el Club\ndeportivo UMAG. Durante el a\u00f1o 2019 a sus 17 a\u00f1os, fue preseleccionada nacional\nen la categor\u00eda Juvenil y en el a\u00f1o 2020 en la categor\u00eda Adulta.<\/p>\n\n\n\n<p>Ha tenido grandes logros deportivos y en su vida personal es\negresada del Liceo Luis Alberto Barrera y en la actualidad estudiante de\nEducaci\u00f3n Superior.<\/p>\n\n\n\n<p>2. MARIELA DELGADO BARRIENTOS&nbsp; <\/p>\n\n\n\n<p>Mujer emprendedora que logra reinventarse luego de la\npandemia, creando la plataforma on line Playtime, para el fomento del\naprendizaje del idioma Ingl\u00e9s. Previo a ello era propietaria de un jard\u00edn\ninfantil, el que debe cerrar producto de la emergencia sanitaria.<\/p>\n\n\n\n<p>Fue reconocida por el Banco Estado con el premio \u201cCrece\nMujer\u201d, siendo destacada como un ejemplo para las dem\u00e1s mujeres que sufren las\nconsecuencias de la pandemia, obteniendo el primer lugar a nivel nacional.<\/p>\n\n\n\n<p>3. ADRIANA VIDAL OYARZ\u00daN<\/p>\n\n\n\n<p>Secretaria del voluntariado Damas de Celeste, quienes\ntrabajan al interior del Hospital Cl\u00ednico, otorgando acompa\u00f1amiento y apoyo\nsocial a pacientes vulnerables.<\/p>\n\n\n\n<p>Durante la pandemia han debido redoblar sus esfuerzos,\nhaciendo llegar pa\u00f1ales y \u00fatiles de aseo a personas que requieren apoyo y que\nse encuentran enfrentando patolog\u00edas cr\u00f3nicas, algunas de ellas invalidantes.<\/p>\n\n\n\n<p>En su vida laboral, es funcionaria de la Universidad de\nMagallanes.<\/p>\n\n\n\n<p>4. M\u00d3NICA PINTO ALVAREZ (M\u00e9dica Infect\u00f3loga Hospital Cl\u00ednico\nde Magallanes)<\/p>\n\n\n\n<p>M\u00e9dico de profesi\u00f3n, nacida en la ciudad de Porvenir, donde\nse destac\u00f3 como deportista, se desempe\u00f1a actualmente como M\u00e9dica Infect\u00f3loga al\ninterior del Hospital Cl\u00ednico de Magallanes.<\/p>\n\n\n\n<p>Ha realizado una importante labor durante la pandemia, con\nla atenci\u00f3n de pacientes contagiados con Virus Covid 19, desarrollando adem\u00e1s a\ntrav\u00e9s del tiempo una labor educativa con distintos agentes de la comunidad\ntanto respecto de la pandemia, as\u00ed como la prevenci\u00f3n de otras patolog\u00edas como\nel VIH.<\/p>\n\n\n\n<p>5. MAR\u00cdA ISABEL IDUYA LANDA<\/p>\n\n\n\n<p>M\u00e9dico internista de profesi\u00f3n, ha desempe\u00f1ado importantes\ncargos a nivel regional entre ellos Secretaria Regional Ministerial de Salud y\ndirectora del Servicio de Salud Magallanes.<\/p>\n\n\n\n<p>En la actualidad, es la Subdirectora M\u00e9dica del Hospital\nCl\u00ednico de Magallanes desde el a\u00f1o 2019, cumpliendo un importante rol durante\nla pandemia por el Virus Covid 19, donde result\u00f3 contagiada y luego de una\nardua batalla logra reincorporarse a sus labores.<\/p>\n\n\n\n<p>6. MARCIA URETA VEGAS<\/p>\n\n\n\n<p>Enfermera Supervisora de la Unidad de Paciente Cr\u00edtico del\nHospital Cl\u00ednico de Magallanes.<\/p>\n\n\n\n<p>Ha cumplido un rol fundamental, dirigiendo esta Unidad\nHospitalaria, donde han recibido numerosos pacientes contagiados con el virus\nCovid 19, compatibilizando el trabajo cl\u00ednico con aspectos humanos de los funcionarios\nde la Unidad, los pacientes y las familias de \u00e9stos.<\/p>\n\n\n\n<p>Lleva 13 a\u00f1os de quehacer profesional en esta Unidad y ha\nsido protagonista de la ampliaci\u00f3n de \u00e9sta, para lograr dar atenci\u00f3n a los\npacientes ante la Emergencia sanitaria.<\/p>\n\n\n\n<p>7. VANESSA SANTIB\u00c1\u00d1EZ RUIZ<\/p>\n\n\n\n<p>T\u00e9cnico en Enfermer\u00eda del Hospital Cl\u00ednico de Magallanes,\ntrabaja hace 8 a\u00f1os en la Unidad de Paciente Cr\u00edtico.<\/p>\n\n\n\n<p>En el ejercicio de sus labores, contrae el Virus Covid 19,\nlo que la mantiene alejada de sus funciones por un tiempo, para reincorporarse luego\nde su recuperaci\u00f3n.<\/p>\n\n\n\n<p>Ha trabajado desde el inicio de la pandemia, con los\npacientes m\u00e1s graves en esta emergencia sanitaria y fue la primera funcionaria\nde salud en recibir la vacuna contra este virus.<\/p>\n\n\n\n<p>8. CLAUDIA CARDENAS GALLARDO&nbsp;\n<\/p>\n\n\n\n<p>Dirigenta social del sector Loteo del Mar, actualmente es la\nPresidenta de la Junta de Vecinos de esta poblaci\u00f3n, cargo bajo el cual ha sido\nprotagonista de una serie de proyectos que han ido en mejoramiento de su\nsector.<\/p>\n\n\n\n<p>Durante la pandemia, ha sido precursora de campa\u00f1as de apoyo\nsocial en favor de sus vecinos. La recolecci\u00f3n de alimentos, as\u00ed como la\nrealizaci\u00f3n de ollas comunes, han marcado su trabajo en estos meses de\nemergencia sanitaria, no s\u00f3lo para personas que residen en su poblaci\u00f3n.<\/p>\n\n\n\n<p>9. EVELYN MANSILLA MANCILA<\/p>\n\n\n\n<p>Docente en retiro desde el a\u00f1o 2020, quien cumpli\u00f3 funciones\npor m\u00e1s de 36 a\u00f1os al interior del Liceo Sara Braun, donde su \u00faltimo cargo\nocupado fue Jefa de la Unidad T\u00e9cnico Pedag\u00f3gica, sin embargo tambi\u00e9n cumpli\u00f3\nel rol de orientadora y de Docente de la asignatura de Lenguaje y Comunicaci\u00f3n.<\/p>\n\n\n\n<p>Comprometida con la educaci\u00f3n p\u00fablica y su mejoramiento, as\u00ed\ncomo con cada uno de los y las j\u00f3venes que educ\u00f3 durante su trayectoria.<\/p>\n\n\n\n<p>10. JAVIERA YAGUELLO LOBOS<\/p>\n\n\n\n<p>Primera mujer conductora de la S\u00e9ptima Compa\u00f1\u00eda de Bomberos.\nA sus 24 a\u00f1os es voluntaria del Cuerpo de Bomberos de Punta Arenas hace 9 a\u00f1os\ny estudiante de Enfermer\u00eda en la Universidad de Magallanes.<\/p>\n\n\n\n<p>Destacada en cada uno de sus roles por el compromiso y la\nresponsabilidad que demuestra d\u00eda a d\u00eda.<\/p>\n\n\n\n<p>11. CLAUDIA&nbsp; PEREZ\nVARGAS<\/p>\n\n\n\n<p>T\u00e9cnico en Enfermer\u00eda de Nivel Superior (TENS), integrante\nde equipo de salud, quien cumple funciones en el Servicio de Atenci\u00f3n Primaria\nde Urgencia (SAPU) y en el \u00e1rea de maternidad del Centro de Salud Familiar\n(CESFAM) Dr. Mateo Bencur, desde el 01 de julio del a\u00f1o 2011; desempe\u00f1\u00e1ndose\npor un periodo de m\u00e1s de 9 a\u00f1os a la fecha; destacando por su compromiso en la\nlabor asistencial y dedicaci\u00f3n a la atenci\u00f3n de la poblaci\u00f3n beneficiaria en\ndicho servicio.<\/p>\n\n\n\n<p>12. VIRGINIA GALLEGOS SVILASOVIC<\/p>\n\n\n\n<p>Emprendedora agr\u00edcola nacida en Punta Arenas, que ha\ndedicado toda su vida al trabajo en el campo, produciendo en la actualidad una\ngran variedad de verduras regionales, siendo destacada en su rubro.<\/p>\n\n\n\n<p>Pobladora de Villa Generosa, es activa participante en las\nFerias Saludables organizadas por el Municipio de Punta Arenas y forma parte de\nla Agrupaci\u00f3n de Mujeres rurales Orqu\u00eddeas del Sur.<\/p>\n\n\n\n<p>13. MARIA FIDELINA TORRES MANQUILEPE<\/p>\n\n\n\n<p>En el a\u00f1o 1975 llega a la comuna, buscando una mejor calidad\nde vida para su familia. Se ha dedicado durante su vida a labores de campo,\nventa de productos alimenticios de manera ambulante, como Trabajadora de la\nEmpresa Envasadora Aysen donde permaneci\u00f3 por m\u00e1s de 30 a\u00f1os y en la actualidad\nfue colaboradora en la Campa\u00f1a \u201c40.000 mascarillas para Magallanes\u201d donde\ndesempolv\u00f3 su vieja m\u00e1quina de coser, con la cual elabor\u00f3 m\u00e1s de 400\nmascarillas.<\/p>\n\n\n\n<p>14. M\u00d3NICA CABEZAS QUINCH\u00c9N<\/p>\n\n\n\n<p>Mujer Mapuche Huilliche, llega a Punta Arenas en el a\u00f1o\n1974, sin embargo es hasta el a\u00f1o 2000 que se acerca a la CONADI y descubre que\nsu apellido materno era de descendencia ind\u00edgena. Con este hecho decide\ncomenzar a realizar acciones para apoyar a su comunidad. Hace doce a\u00f1os trabaja\ncomo la Lawentuchefe en el Cesfam Carlos Ib\u00e1\u00f1ez, entregando medicina a los\nusuarios que asisten al recinto. El 2019 hizo un curso de Medicina ancestral a\n10 alumnas, ense\u00f1ando parte de su cultura. El mismo a\u00f1o se adjudic\u00f3 un proyecto\nque permiti\u00f3 entregar lentes a personas ind\u00edgenas, mejorando la visi\u00f3n de 78\nmiembros de dicha comunidad.<\/p>\n\n\n\n<p>15. CAMILA PROVOSTE: Actriz, gestora y productora cultural.\nActualmente, se encuentra fuera de Chile.<\/p>\n","protected":false},"excerpt":{"rendered":"<p>En el marco del D\u00eda Internacional de la Mujer, que se conmemora este lunes 8 de marzo, el Municipio de Punta Arenas entreg\u00f3 un reconocimiento a 15 mujeres destacadas de&#8230; <a class=\"read-more\" href=\"https:\/\/www.radiopresidenteibanez.cl\/web\/15-mujeres-de-punta-arenas-fueron-destacadas-por-el-municipio-en-el-marco-del-dia-internacional-de-la-mujer\/\">Leer m\u00e1s<\/a><\/p>\n","protected":false},"author":2,"featured_media":19036,"comment_status":"closed","ping_status":"closed","sticky":false,"template":"","format":"standard","meta":{"footnotes":""},"categories":[1],"tags":[],"class_list":["post-19035","post","type-post","status-publish","format-standard","has-post-thumbnail","hentry","category-cronica"],"_links":{"self":[{"href":"https:\/\/www.radiopresidenteibanez.cl\/web\/wp-json\/wp\/v2\/posts\/19035","targetHints":{"allow":["GET"]}}],"collection":[{"href":"https:\/\/www.radiopresidenteibanez.cl\/web\/wp-json\/wp\/v2\/posts"}],"about":[{"href":"https:\/\/www.radiopresidenteibanez.cl\/web\/wp-json\/wp\/v2\/types\/post"}],"author":[{"embeddable":true,"href":"https:\/\/www.radiopresidenteibanez.cl\/web\/wp-json\/wp\/v2\/users\/2"}],"replies":[{"embeddable":true,"href":"https:\/\/www.radiopresidenteibanez.cl\/web\/wp-json\/wp\/v2\/comments?post=19035"}],"version-history":[{"count":0,"href":"https:\/\/www.radiopresidenteibanez.cl\/web\/wp-json\/wp\/v2\/posts\/19035\/revisions"}],"wp:featuredmedia":[{"embeddable":true,"href":"https:\/\/www.radiopresidenteibanez.cl\/web\/wp-json\/wp\/v2\/media\/19036"}],"wp:attachment":[{"href":"https:\/\/www.radiopresidenteibanez.cl\/web\/wp-json\/wp\/v2\/media?parent=19035"}],"wp:term":[{"taxonomy":"category","embeddable":true,"href":"https:\/\/www.radiopresidenteibanez.cl\/web\/wp-json\/wp\/v2\/categories?post=19035"},{"taxonomy":"post_tag","embeddable":true,"href":"https:\/\/www.radiopresidenteibanez.cl\/web\/wp-json\/wp\/v2\/tags?post=19035"}],"curies":[{"name":"wp","href":"https:\/\/api.w.org\/{rel}","templated":true}]}}