{"id":19033,"date":"2021-03-08T00:30:07","date_gmt":"2021-03-08T00:30:07","guid":{"rendered":"https:\/\/www.radiopresidenteibanez.cl\/web\/?p=19033"},"modified":"2021-03-08T00:30:13","modified_gmt":"2021-03-08T00:30:13","slug":"municipalidad-de-natales-lidera-mesa-de-trabajo-entre-las-areas-de-salud-y-educacion","status":"publish","type":"post","link":"https:\/\/www.radiopresidenteibanez.cl\/web\/municipalidad-de-natales-lidera-mesa-de-trabajo-entre-las-areas-de-salud-y-educacion\/","title":{"rendered":"MUNICIPALIDAD DE NATALES LIDERA MESA DE TRABAJO ENTRE LAS \u00c1REAS DE SALUD Y EDUCACI\u00d3N"},"content":{"rendered":"\n<p>Con gran convocatoria se desarroll\u00f3 la primera reuni\u00f3n de coordinaci\u00f3n\nentre el encargado de Planificaci\u00f3n Sanitaria de la Serem\u00eda de Salud de\nMagallanes, el CESFAM y los directores de los establecimientos educacionales y\njardines infantiles de la comuna.<\/p>\n\n\n\n<p>Durante casi dos horas el alcalde de Natales junto a los directores,\nconocieron en profundidad el protocolo Covid-19 para los establecimientos\neducacionales y la puesta en marcha de las cuadrillas sanitarias escolares.<\/p>\n\n\n\n<p>Para la m\u00e1xima autoridad comunal, Fernando Paredes Mansilla, esta\nconvocatoria permite trabajar anticipadamente y de manera articulada para el\nretorno a clases presenciales. \u201cEs fundamental que como comuna estemos\npreparados todos, tanto los establecimientos municipales como los colegios\nparticulares subvencionados y jardines infantiles. La idea es que los directores\nconozcan las exigencias de la autoridad sanitaria para el retorno y los\nresguardos que debemos tomar previo al inicio de las actividades presenciales,\nminimizando al m\u00e1ximo las posibilidades de contagio al interior de los recintos\neducativos\u201d.<\/p>\n\n\n\n<p>Desde la oficina provincial y la Serem\u00eda de Salud\nde la regi\u00f3n de Magallanes, realizaron varias exposiciones a los asistentes, entre\nlas que destaca la explicaci\u00f3n del Protocolo de Vigilancia Epidemiol\u00f3gica y la\nconformaci\u00f3n de cuadrillas sanitarias escolares.<\/p>\n\n\n\n<p>En la reuni\u00f3n, cada director tuvo la oportunidad\nde realizar consultas al equipo asesor de la Serem\u00eda de Salud, quienes &nbsp;respondieron las dudas respecto a las acciones\nque debe tomar cada establecimiento educacional para dar cumplimiento a la\nnormativa sanitaria vigente en contexto de pandemia. <\/p>\n\n\n\n<p>Finalmente, en la reuni\u00f3n se acord\u00f3 seguir\nrealizando este tipo de encuentros para poder compartir los nuevos protocolos y\nafinar detalles en el retorno presencial de cada uno de los establecimientos de\nla comuna.<\/p>\n","protected":false},"excerpt":{"rendered":"<p>Con gran convocatoria se desarroll\u00f3 la primera reuni\u00f3n de coordinaci\u00f3n entre el encargado de Planificaci\u00f3n Sanitaria de la Serem\u00eda de Salud de Magallanes, el CESFAM y los directores de los&#8230; <a class=\"read-more\" href=\"https:\/\/www.radiopresidenteibanez.cl\/web\/municipalidad-de-natales-lidera-mesa-de-trabajo-entre-las-areas-de-salud-y-educacion\/\">Leer m\u00e1s<\/a><\/p>\n","protected":false},"author":2,"featured_media":101,"comment_status":"closed","ping_status":"closed","sticky":false,"template":"","format":"standard","meta":{"footnotes":""},"categories":[1],"tags":[],"class_list":["post-19033","post","type-post","status-publish","format-standard","has-post-thumbnail","hentry","category-cronica"],"_links":{"self":[{"href":"https:\/\/www.radiopresidenteibanez.cl\/web\/wp-json\/wp\/v2\/posts\/19033","targetHints":{"allow":["GET"]}}],"collection":[{"href":"https:\/\/www.radiopresidenteibanez.cl\/web\/wp-json\/wp\/v2\/posts"}],"about":[{"href":"https:\/\/www.radiopresidenteibanez.cl\/web\/wp-json\/wp\/v2\/types\/post"}],"author":[{"embeddable":true,"href":"https:\/\/www.radiopresidenteibanez.cl\/web\/wp-json\/wp\/v2\/users\/2"}],"replies":[{"embeddable":true,"href":"https:\/\/www.radiopresidenteibanez.cl\/web\/wp-json\/wp\/v2\/comments?post=19033"}],"version-history":[{"count":0,"href":"https:\/\/www.radiopresidenteibanez.cl\/web\/wp-json\/wp\/v2\/posts\/19033\/revisions"}],"wp:featuredmedia":[{"embeddable":true,"href":"https:\/\/www.radiopresidenteibanez.cl\/web\/wp-json\/wp\/v2\/media\/101"}],"wp:attachment":[{"href":"https:\/\/www.radiopresidenteibanez.cl\/web\/wp-json\/wp\/v2\/media?parent=19033"}],"wp:term":[{"taxonomy":"category","embeddable":true,"href":"https:\/\/www.radiopresidenteibanez.cl\/web\/wp-json\/wp\/v2\/categories?post=19033"},{"taxonomy":"post_tag","embeddable":true,"href":"https:\/\/www.radiopresidenteibanez.cl\/web\/wp-json\/wp\/v2\/tags?post=19033"}],"curies":[{"name":"wp","href":"https:\/\/api.w.org\/{rel}","templated":true}]}}