{"id":19031,"date":"2021-03-08T00:26:00","date_gmt":"2021-03-08T00:26:00","guid":{"rendered":"https:\/\/www.radiopresidenteibanez.cl\/web\/?p=19031"},"modified":"2021-03-08T00:26:05","modified_gmt":"2021-03-08T00:26:05","slug":"8m-las-mujeres-seguimos-por-ingrid-melipillan","status":"publish","type":"post","link":"https:\/\/www.radiopresidenteibanez.cl\/web\/8m-las-mujeres-seguimos-por-ingrid-melipillan\/","title":{"rendered":"\u00ab8M LAS MUJERES SEGUIMOS\u2026\u00bb por Ingrid Melipill\u00e1n"},"content":{"rendered":"\n<p>Este 8M se presenta con una\nmochila pesada que heredamos del 2020, una crisis sanitaria, social, econ\u00f3mica\ny pol\u00edtica que sacudi\u00f3 al mundo, del cual no estuvo ajeno nuestro pa\u00eds, y menos\nPunta Arenas. Y justamente, ni\u00f1as, ni\u00f1os, las mujeres y personas mayores, han\nsido de los sectores m\u00e1s afectados, que han debido soportar los embates de esta\npandemia.<\/p>\n\n\n\n<p>Cuenta de ello da, el <a href=\"https:\/\/www.cepal.org\/es\/publicaciones\/46633-la-autonomia-economica-mujeres-la-recuperacion-sostenible-igualdad\"><strong>Informe Especial\nCOVID-19 N\u20709: La autonom\u00eda econ\u00f3mica de las mujeres en la recuperaci\u00f3n\nsostenible y con igualdad<\/strong><\/a>&nbsp;que diera a conocer la\nCEPAL, aqu\u00ed se indica que esta crisis que surge del COVID-19, impact\u00f3 negativamente\nen la ocupaci\u00f3n y en las condiciones laborales de las mujeres en Am\u00e9rica Latina\ny el Caribe, se\u00f1alando que hubo un retroceso de a lo menos 10 a\u00f1os en avances\nlogrados en materia de participaci\u00f3n&nbsp;\nlaboral. Este estudio explica, que se registr\u00f3 una contundente salida de\nmujeres de la fuerza laboral, vinculado especialmente, a que son las mujeres\nlas que atienden las demandas de cuidados en sus hogares, y muchas de ellas no\nretomaron la b\u00fasqueda de empleo, o simplemente no han podido hacerlo a\u00fan, lo\nque conlleva a una precarizaci\u00f3n laboral femenina, y la invisivilizaci\u00f3n de lo\nque ocurre en el cotidiano con las mujeres.<\/p>\n\n\n\n<p>&nbsp;Una vez m\u00e1s, las mujeres debemos hacernos\ncargo de las tareas dom\u00e9sticas, una vez m\u00e1s las mujeres debemos cumplir con\ndoble o triple jornada laboral, con el peso del hogar y el peso del trabajo\nremoto, ambos aspectos poco compatibles para la salud mental de las mujeres y\nsu entorno familiar.<\/p>\n\n\n\n<p>A pesar de ello, a\u00fan quedan\nfuerzas para levantar la voz, y exigir nuestros derechos fundamentales,\ndemandar al estado por mayores garant\u00edas y acceso en equidad e igualdad de\noportunidades. Las mujeres somos capaces de hacer hasta lo imposible por\nconseguir lo necesario, ese m\u00ednimo para una vida digna, pero no es justo que\nseamos las sacrificadas en tiempos complejos, aqu\u00ed se demuestra como a\u00fan esta\nestructura patriarcal instalada en nuestro pa\u00eds, y que nos colapsa y ahoga,\nsigue estando presente, y con la crisis de la pandemia, esto se ha agudizado\na\u00fan m\u00e1s.<\/p>\n\n\n\n<p>Las instituciones del estado\ntienen la obligaci\u00f3n de aborda esta situaci\u00f3n, y proponer junto con la\nciudadan\u00eda, alternativas de soluci\u00f3n, pero la distancia entre las autoridades y\nla sociedad civil se hace evidente en este contexto. Por ello el municipio debe\ndar respuestas, y en esta campa\u00f1a municipal, una de los temas que hemos puesto\nen la mesa, dice relaci\u00f3n con promover una ordenanza municipal de equidad de\ng\u00e9nero y de la eliminaci\u00f3n de todas las formas de violencia, esto es, pensar\nuna pol\u00edtica p\u00fablica local con enfoque de g\u00e9nero, que ordene los programas\nmunicipales y el presupuesto asociado, en acciones que aporten directamente a\nlas mujeres, especialmente aquellas que han sufrido con m\u00e1s fuerza los efectos\nde la pandemia, que promueva la autonom\u00eda de las mujeres y potencie las habilidades\ny competencias para un desarrollo integral en todas las \u00e1reas de la vida.<\/p>\n\n\n\n<p>Este 8M, se nos invita a\nreflexionar y atender estas problem\u00e1ticas que surgen de la reivindicaci\u00f3n de\nlos derechos humanas de las mujeres, por ello este llamado a la Huelga Feminista,\ndonde las mujeres del mundo nos levantaremos y alzaremos nuestra voz, para que\nnunca m\u00e1s sin nosotras, y para ello la importancia de participar de manera\ninformada y consciente por los procesos democr\u00e1ticos que viviremos el 11 de\nabril, las mujeres transformamos el mundo, y somos capaces de grandes cosas.\n\u00a1Arriba las Mujeres que Luchan!; \u00a1\u2026Ahora vamos unidas, No m\u00e1s ca\u00eddas! \u00a1Hasta\nque la dignidad se haga Costumbre!<\/p>\n\n\n\n<p><strong>Ingrid Melipill\u00e1n Mu\u00f1oz<\/strong><\/p>\n\n\n\n<p><strong>Vanguardia Comunitaria<\/strong><\/p>\n","protected":false},"excerpt":{"rendered":"<p>Este 8M se presenta con una mochila pesada que heredamos del 2020, una crisis sanitaria, social, econ\u00f3mica y pol\u00edtica que sacudi\u00f3 al mundo, del cual no estuvo ajeno nuestro pa\u00eds,&#8230; <a class=\"read-more\" href=\"https:\/\/www.radiopresidenteibanez.cl\/web\/8m-las-mujeres-seguimos-por-ingrid-melipillan\/\">Leer m\u00e1s<\/a><\/p>\n","protected":false},"author":2,"featured_media":17315,"comment_status":"closed","ping_status":"closed","sticky":false,"template":"","format":"standard","meta":{"footnotes":""},"categories":[1],"tags":[],"class_list":["post-19031","post","type-post","status-publish","format-standard","has-post-thumbnail","hentry","category-cronica"],"_links":{"self":[{"href":"https:\/\/www.radiopresidenteibanez.cl\/web\/wp-json\/wp\/v2\/posts\/19031","targetHints":{"allow":["GET"]}}],"collection":[{"href":"https:\/\/www.radiopresidenteibanez.cl\/web\/wp-json\/wp\/v2\/posts"}],"about":[{"href":"https:\/\/www.radiopresidenteibanez.cl\/web\/wp-json\/wp\/v2\/types\/post"}],"author":[{"embeddable":true,"href":"https:\/\/www.radiopresidenteibanez.cl\/web\/wp-json\/wp\/v2\/users\/2"}],"replies":[{"embeddable":true,"href":"https:\/\/www.radiopresidenteibanez.cl\/web\/wp-json\/wp\/v2\/comments?post=19031"}],"version-history":[{"count":0,"href":"https:\/\/www.radiopresidenteibanez.cl\/web\/wp-json\/wp\/v2\/posts\/19031\/revisions"}],"wp:featuredmedia":[{"embeddable":true,"href":"https:\/\/www.radiopresidenteibanez.cl\/web\/wp-json\/wp\/v2\/media\/17315"}],"wp:attachment":[{"href":"https:\/\/www.radiopresidenteibanez.cl\/web\/wp-json\/wp\/v2\/media?parent=19031"}],"wp:term":[{"taxonomy":"category","embeddable":true,"href":"https:\/\/www.radiopresidenteibanez.cl\/web\/wp-json\/wp\/v2\/categories?post=19031"},{"taxonomy":"post_tag","embeddable":true,"href":"https:\/\/www.radiopresidenteibanez.cl\/web\/wp-json\/wp\/v2\/tags?post=19031"}],"curies":[{"name":"wp","href":"https:\/\/api.w.org\/{rel}","templated":true}]}}