{"id":19027,"date":"2021-03-08T01:00:00","date_gmt":"2021-03-08T01:00:00","guid":{"rendered":"https:\/\/www.radiopresidenteibanez.cl\/web\/?p=19027"},"modified":"2021-03-08T00:12:04","modified_gmt":"2021-03-08T00:12:04","slug":"unidas-somos-capaces-de-superar-los-obstaculos-y-cumplir-nuestros-suenos-marcela-baratelli","status":"publish","type":"post","link":"https:\/\/www.radiopresidenteibanez.cl\/web\/unidas-somos-capaces-de-superar-los-obstaculos-y-cumplir-nuestros-suenos-marcela-baratelli\/","title":{"rendered":"\u201cUNIDAS SOMOS CAPACES DE SUPERAR LOS OBST\u00c1CULOS Y CUMPLIR NUESTROS SUE\u00d1OS\u201d Marcela Baratelli"},"content":{"rendered":"\n<p>El posicionar a la mujer en el lugar que le corresponde, desde la igualdad, sororidad y confianza, en el mundo p\u00fablico y privado, ha sido una de las luchas, durante d\u00e9cadas, de la candidata independiente a convencional constituyente por el Distrito 28 (Magallanes y la Ant\u00e1rtica Chilena), en la Lista del Apruebo, Adriana Marcela Baratelli Cavalli.<\/p>\n\n\n\n<p>\tY ese compromiso se renueva, como cada a\u00f1o, en el marco del D\u00eda Internacional de la Mujer, el pr\u00f3ximo 8 de marzo. En esta oportunidad, la candidata independiente conmemora esta fecha en la comuna de Porvenir, capital de la Provincia de Tierra del Fuego, como una se\u00f1al, tambi\u00e9n, de su inter\u00e9s por descentralizar el quehacer ciudadano dentro de las regiones.<\/p>\n\n\n\n<p>\t\u201cNo hay una sola forma, si no muchas, de ser mujer.Y muchas maneras de ser feminista, sin por ello perder el sentido y el deseo de un mundo sin machismo y de mayor paridad, y una sociedad y cultura no patriarcal, en la cual se respete nuestra esencia, modo de ver la vida y estilo de liderazgo. Ser mujer nos une, nos compromete, nos desaf\u00eda. Porque este lunes 8 de marzo, D\u00eda Internacional de la Mujer, no s\u00f3lo conmemoramos la muerte en un incendio de un centenar de trabajadoras -inmigrantes italianas y jud\u00edas en su mayor\u00eda-, de una f\u00e1brica textil de Nueva York, Estados Unidos, quienes protestaron por sus derechos laborales, sino que, el despertar de millones mujeres, en especial, las de nuestro pa\u00eds, que desde 2018 se han sumado masivamente a la huelga feminista mundial. Esta es una fecha de unidad, que nos invita a reflexionar\u201d, se\u00f1al\u00f3 Baratelli.<\/p>\n\n\n\n<p>\tPor lo mismo, la activista ciudadana hizo un llamado a la unidad. \u201cHoy quiero expresar que mantengo la profunda convicci\u00f3n, como siempre, que unidas y conectadas, pensando y actuando como colectivo, somos capaces de alcanzar las metas que nos propongamos; y de superar los mayores obst\u00e1culos para concretar nuestros sue\u00f1os. Cambiar el mundo desde nuestra mirada femenina y feminista es posible\u201d, sostuvo. \u201cPor lo mismo, quiero invitar a todas a continuar juntas esta nueva etapa que estamos viviendo como chilenas, construyendo relaciones y tejido social, en un a\u00f1o en que las y los ciudadanos deben tomar importantes decisiones para el futuro pr\u00f3ximo. No se puede aspirar a calidad de vida sin relaciones de calidad, y no se puede tener relaciones de calidad sin confianza. Dejemos de lado las diferencias, lo que nos separa y excluye, y enfoqu\u00e9monos en lo que nos une, nos convoca y nos resuena en comunidad\u201d, agreg\u00f3, finalmente, la candidata independiente a constituyente.<\/p>\n","protected":false},"excerpt":{"rendered":"<p>El posicionar a la mujer en el lugar que le corresponde, desde la igualdad, sororidad y confianza, en el mundo p\u00fablico y privado, ha sido una de las luchas, durante&#8230; <a class=\"read-more\" href=\"https:\/\/www.radiopresidenteibanez.cl\/web\/unidas-somos-capaces-de-superar-los-obstaculos-y-cumplir-nuestros-suenos-marcela-baratelli\/\">Leer m\u00e1s<\/a><\/p>\n","protected":false},"author":2,"featured_media":18818,"comment_status":"closed","ping_status":"closed","sticky":false,"template":"","format":"standard","meta":{"footnotes":""},"categories":[1],"tags":[],"class_list":["post-19027","post","type-post","status-publish","format-standard","has-post-thumbnail","hentry","category-cronica"],"_links":{"self":[{"href":"https:\/\/www.radiopresidenteibanez.cl\/web\/wp-json\/wp\/v2\/posts\/19027","targetHints":{"allow":["GET"]}}],"collection":[{"href":"https:\/\/www.radiopresidenteibanez.cl\/web\/wp-json\/wp\/v2\/posts"}],"about":[{"href":"https:\/\/www.radiopresidenteibanez.cl\/web\/wp-json\/wp\/v2\/types\/post"}],"author":[{"embeddable":true,"href":"https:\/\/www.radiopresidenteibanez.cl\/web\/wp-json\/wp\/v2\/users\/2"}],"replies":[{"embeddable":true,"href":"https:\/\/www.radiopresidenteibanez.cl\/web\/wp-json\/wp\/v2\/comments?post=19027"}],"version-history":[{"count":0,"href":"https:\/\/www.radiopresidenteibanez.cl\/web\/wp-json\/wp\/v2\/posts\/19027\/revisions"}],"wp:featuredmedia":[{"embeddable":true,"href":"https:\/\/www.radiopresidenteibanez.cl\/web\/wp-json\/wp\/v2\/media\/18818"}],"wp:attachment":[{"href":"https:\/\/www.radiopresidenteibanez.cl\/web\/wp-json\/wp\/v2\/media?parent=19027"}],"wp:term":[{"taxonomy":"category","embeddable":true,"href":"https:\/\/www.radiopresidenteibanez.cl\/web\/wp-json\/wp\/v2\/categories?post=19027"},{"taxonomy":"post_tag","embeddable":true,"href":"https:\/\/www.radiopresidenteibanez.cl\/web\/wp-json\/wp\/v2\/tags?post=19027"}],"curies":[{"name":"wp","href":"https:\/\/api.w.org\/{rel}","templated":true}]}}