{"id":19023,"date":"2021-03-07T23:49:46","date_gmt":"2021-03-07T23:49:46","guid":{"rendered":"https:\/\/www.radiopresidenteibanez.cl\/web\/?p=19023"},"modified":"2021-03-07T23:49:51","modified_gmt":"2021-03-07T23:49:51","slug":"8m-acuerdo-y-declaracion-publica-candidatas-a-convencionales-constituyentes","status":"publish","type":"post","link":"https:\/\/www.radiopresidenteibanez.cl\/web\/8m-acuerdo-y-declaracion-publica-candidatas-a-convencionales-constituyentes\/","title":{"rendered":"8M: ACUERDO Y DECLARACI\u00d3N P\u00daBLICA CANDIDATAS A CONVENCIONALES CONSTITUYENTES"},"content":{"rendered":"\n<p>Las mujeres aqu\u00ed firmantes tenemos la convicci\u00f3n que el espacio p\u00fablico no tiene g\u00e9nero y creemos que la paridad permitir\u00e1 avanzar en reducir la inequidad existente en nuestro pa\u00eds y enfrentar la falta de oportunidades que hist\u00f3ricamente hemos vivido. Nuestra vocaci\u00f3n p\u00fablica muchas veces ha sido obstaculizada por una cultura patriarcal que nos ha subsumido en un rol privado cumpliendo funciones familiares de cuidado.<\/p>\n\n\n\n<p>Las mujeres hemos &nbsp;debido resistir la desigualdad laboral en sus diversas manifestaciones como la no remuneraci\u00f3n del trabajo dom\u00e9stico y de cuidado o recibir menos ingresos por el mismo trabajo que reflejan . Sumado a que una vez que llegamos a la vejez, se reducen significativamente sus aportes a las mujeres, nuestro sistema de pensiones nos castiga al no reconocer el trabajo dom\u00e9stico y replicar las inequidades del mercado laboral.<\/p>\n\n\n\n<p>El extremo de esta realidad es la violencia de g\u00e9nero, expresada en el abuso sexual y el femicidio, la que se ve agudizada en condiciones de vulnerabilidad econ\u00f3mica. Las mujeres sufrimos discriminaci\u00f3n social, econ\u00f3mica, educacional, racial como una conjugaci\u00f3n de factores que acent\u00faan la injusticia que el sistema ha instalado en todos los espacios y esferas de la vida que muchas ni\u00f1as, j\u00f3venes y mujeres hemos experimentado.<\/p>\n\n\n\n<p>Por todo ello, las aqu\u00ed firmantes, como representantes de diversas corrientes pol\u00edticas, ideolog\u00edas y visiones de mundo nos unimos en este d\u00eda para decirle a toda la sociedad magall\u00e1nica y en particular a nuestras cong\u00e9neres que estamos aqu\u00ed para superar las actuales condiciones de desigualdad que especialmente nos afectan de manera dram\u00e1tica, que estamos aqu\u00ed para asumir cargos de responsabilidad pol\u00edtica, aportar a la construcci\u00f3n de una mejor sociedad en los diversos y m\u00faltiples espacios que se nos presenten, pues no s\u00f3lo contamos con las herramientas para lograrlo, si no, adem\u00e1s con la convicci\u00f3n y voluntad de continuar con la lucha iniciada por millones de mujeres valientes que nos antecedieron, que lograron avances pagando incluso con sus propias vidas.<\/p>\n\n\n\n<p>Finalmente, asumimos el compromiso p\u00fablico, cumplido el proceso eleccionario del pr\u00f3ximo 11 de abril, de construir una red permanente de enlace con la sociedad y las mujeres magall\u00e1nicas, para que en el proceso constituyente no s\u00f3lo \u00a0participen las convencionales constituyentes sino que todas las mujeres y disidencias que quieran hacerlo .<\/p>\n\n\n\n<p>Candidatas a Convencionales Constituyentes Distrito 28 Magallanes y Ant\u00e1rtica<br>Marcela Baratelli C.<br>In\u00e9s Vidal A.<br>Margarita Makuc S.<br>Andrea Pivcevic C.<br>Daniela Panicucci H.<br>Karin Escarate F.<br>Javiera Morales A.<br><\/p>\n","protected":false},"excerpt":{"rendered":"<p>Las mujeres aqu\u00ed firmantes tenemos la convicci\u00f3n que el espacio p\u00fablico no tiene g\u00e9nero y creemos que la paridad permitir\u00e1 avanzar en reducir la inequidad existente en nuestro pa\u00eds y&#8230; <a class=\"read-more\" href=\"https:\/\/www.radiopresidenteibanez.cl\/web\/8m-acuerdo-y-declaracion-publica-candidatas-a-convencionales-constituyentes\/\">Leer m\u00e1s<\/a><\/p>\n","protected":false},"author":2,"featured_media":740,"comment_status":"closed","ping_status":"closed","sticky":false,"template":"","format":"standard","meta":{"footnotes":""},"categories":[1],"tags":[],"class_list":["post-19023","post","type-post","status-publish","format-standard","has-post-thumbnail","hentry","category-cronica"],"_links":{"self":[{"href":"https:\/\/www.radiopresidenteibanez.cl\/web\/wp-json\/wp\/v2\/posts\/19023","targetHints":{"allow":["GET"]}}],"collection":[{"href":"https:\/\/www.radiopresidenteibanez.cl\/web\/wp-json\/wp\/v2\/posts"}],"about":[{"href":"https:\/\/www.radiopresidenteibanez.cl\/web\/wp-json\/wp\/v2\/types\/post"}],"author":[{"embeddable":true,"href":"https:\/\/www.radiopresidenteibanez.cl\/web\/wp-json\/wp\/v2\/users\/2"}],"replies":[{"embeddable":true,"href":"https:\/\/www.radiopresidenteibanez.cl\/web\/wp-json\/wp\/v2\/comments?post=19023"}],"version-history":[{"count":0,"href":"https:\/\/www.radiopresidenteibanez.cl\/web\/wp-json\/wp\/v2\/posts\/19023\/revisions"}],"wp:featuredmedia":[{"embeddable":true,"href":"https:\/\/www.radiopresidenteibanez.cl\/web\/wp-json\/wp\/v2\/media\/740"}],"wp:attachment":[{"href":"https:\/\/www.radiopresidenteibanez.cl\/web\/wp-json\/wp\/v2\/media?parent=19023"}],"wp:term":[{"taxonomy":"category","embeddable":true,"href":"https:\/\/www.radiopresidenteibanez.cl\/web\/wp-json\/wp\/v2\/categories?post=19023"},{"taxonomy":"post_tag","embeddable":true,"href":"https:\/\/www.radiopresidenteibanez.cl\/web\/wp-json\/wp\/v2\/tags?post=19023"}],"curies":[{"name":"wp","href":"https:\/\/api.w.org\/{rel}","templated":true}]}}