{"id":19014,"date":"2021-03-07T23:36:27","date_gmt":"2021-03-07T23:36:27","guid":{"rendered":"https:\/\/www.radiopresidenteibanez.cl\/web\/?p=19014"},"modified":"2021-03-07T23:36:33","modified_gmt":"2021-03-07T23:36:33","slug":"ministro-felipe-ward-encabezo-apertura-de-calle-fagnano-pedro-borquez-por-ex-terrenos-del-regimiento-pudeto","status":"publish","type":"post","link":"https:\/\/www.radiopresidenteibanez.cl\/web\/ministro-felipe-ward-encabezo-apertura-de-calle-fagnano-pedro-borquez-por-ex-terrenos-del-regimiento-pudeto\/","title":{"rendered":"MINISTRO FELIPE WARD ENCABEZ\u00d3 APERTURA DE CALLE FAGNANO \u2013 PEDRO B\u00d3RQUEZ  POR EX TERRENOS DEL REGIMIENTO PUDETO"},"content":{"rendered":"\n<p>La actividad realizada en la intersecci\u00f3n de calle Zenteno, fue encabezada por el Ministro de la cartera, Felipe Ward, el Intendente Regional (s) Alejandro V\u00e1squez, el Alcalde Claudio Radonich, el Seremi Minvu, Jos\u00e9 Miguel Horcos, el Director Regional del Serviu, Dubalio P\u00e9rez y los presidentes de las juntas de vecinos N\u00b036 El Ping\u00fcino, N\u00b040 21 de Mayo, N\u00b014 Poblaci\u00f3n Calixto y N\u00b028 Cerro La Cruz. Participaron, adem\u00e1s, el Comandante del Regimiento N\u00ba 10 Pudeto, Coronel Jorge Labarca y la Seremi de Bienes Nacionales Francisca Rojas, ya que la entrega de esta franja de terreno al Serviu para la construcci\u00f3n de la v\u00eda, se origin\u00f3 en el acuerdo de Chena que permiti\u00f3 el traspaso de terrenos por parte del Ej\u00e9rcito al Ministerio de Bienes Nacionales.<\/p>\n\n\n\n<p>Sobre este hito urbano, el Ministro Felipe Ward expres\u00f3 \u201cVerdaderamente es muy emocionante, estos 1770 metros lineales de calzada, con una inversi\u00f3n de 3246 millones de pesos, una obra que se entrega a la ciudad y a la comunidad, despu\u00e9s de d\u00e9cadas de esta esperada conexi\u00f3n. A prop\u00f3sito de que estamos lamentablemente acostumbrados a recibir malas noticias durante la pandemia, hoy d\u00eda esta buena noticia es una luz de esperanza respecto a lo que va a ocurrir el 2021 y estoy seguro que va a ser mejor que el a\u00f1o pasado en todo sentido\u201d.<\/p>\n\n\n\n<p>Con las medidas de resguardo indicadas por la autoridad sanitaria, en la ocasi\u00f3n se reunieron en las inmediaciones, residentes que esperaron por largos a\u00f1os la generaci\u00f3n de esta v\u00eda que fue dise\u00f1ada por el Minvu, a la par con la conexi\u00f3n de calle Rancagua, ambas actualmente en uso.<\/p>\n\n\n\n<p>Respecto a la puesta en marcha de esta v\u00eda, el Ministro Ward se\u00f1al\u00f3 \u201cCuando disminuyen los tiempos de desplazamiento, de circulaci\u00f3n y de transporte de las personas, aumentan los tiempos para estar en familia que es lo m\u00e1s importante. Ac\u00e1 m\u00e1s que los discursos y que la ceremonia lo que empieza a ocurrir es que a partir de este mismo momento se mejora en concreto la calidad de vida de las personas a trav\u00e9s de esta inversi\u00f3n y de la recuperaci\u00f3n de este espacio que es tan importante y que permite conectar la ciudad como se merece\u201d.<\/p>\n\n\n\n<p>La conexi\u00f3n Fagnano \u2013 Pedro B\u00f3rquez, considera una calzada bidireccional de 8 metros de ancho, aceras, ciclov\u00edas, sistema de canalizaci\u00f3n de aguas lluvias, iluminaci\u00f3n p\u00fablica, nueva semaforizaci\u00f3n en las intersecciones de Zenteno y Avenida Eduardo Frei y equipamiento urbano. La unidad t\u00e9cnica del dise\u00f1o y construcci\u00f3n de la obra, fue el Servicio de Vivienda y Urbanizaci\u00f3n, en tanto la empresa constructora responsable de la ejecuci\u00f3n, fue la empresa Vilicic S.A.<\/p>\n\n\n\n<p>Por su parte, el Seremi Minvu, Jos\u00e9 Miguel Horcos, precis\u00f3 \u201cSabemos la importancia que tiene este proyecto para los vecinos y tambi\u00e9n para mejorar la conectividad en Punta Arenas. En \u00e9pocas normales, el colapso de las arterias principales es evidente y esta nueva v\u00eda va a unir el sur de la ciudad con el centro, haciendo los trayectos mucho m\u00e1s r\u00e1pidos. Esto se suma a nuestro ambicioso plan como Gobierno de comenzar la construcci\u00f3n de la Avenida Circunvalaci\u00f3n, la cual ser\u00e1 una soluci\u00f3n definitiva a los problemas de traslado dada la congesti\u00f3n vehicular\u201d.<\/p>\n","protected":false},"excerpt":{"rendered":"<p>La actividad realizada en la intersecci\u00f3n de calle Zenteno, fue encabezada por el Ministro de la cartera, Felipe Ward, el Intendente Regional (s) Alejandro V\u00e1squez, el Alcalde Claudio Radonich, el&#8230; <a class=\"read-more\" href=\"https:\/\/www.radiopresidenteibanez.cl\/web\/ministro-felipe-ward-encabezo-apertura-de-calle-fagnano-pedro-borquez-por-ex-terrenos-del-regimiento-pudeto\/\">Leer m\u00e1s<\/a><\/p>\n","protected":false},"author":2,"featured_media":19015,"comment_status":"closed","ping_status":"closed","sticky":false,"template":"","format":"standard","meta":{"footnotes":""},"categories":[1],"tags":[],"class_list":["post-19014","post","type-post","status-publish","format-standard","has-post-thumbnail","hentry","category-cronica"],"_links":{"self":[{"href":"https:\/\/www.radiopresidenteibanez.cl\/web\/wp-json\/wp\/v2\/posts\/19014","targetHints":{"allow":["GET"]}}],"collection":[{"href":"https:\/\/www.radiopresidenteibanez.cl\/web\/wp-json\/wp\/v2\/posts"}],"about":[{"href":"https:\/\/www.radiopresidenteibanez.cl\/web\/wp-json\/wp\/v2\/types\/post"}],"author":[{"embeddable":true,"href":"https:\/\/www.radiopresidenteibanez.cl\/web\/wp-json\/wp\/v2\/users\/2"}],"replies":[{"embeddable":true,"href":"https:\/\/www.radiopresidenteibanez.cl\/web\/wp-json\/wp\/v2\/comments?post=19014"}],"version-history":[{"count":0,"href":"https:\/\/www.radiopresidenteibanez.cl\/web\/wp-json\/wp\/v2\/posts\/19014\/revisions"}],"wp:featuredmedia":[{"embeddable":true,"href":"https:\/\/www.radiopresidenteibanez.cl\/web\/wp-json\/wp\/v2\/media\/19015"}],"wp:attachment":[{"href":"https:\/\/www.radiopresidenteibanez.cl\/web\/wp-json\/wp\/v2\/media?parent=19014"}],"wp:term":[{"taxonomy":"category","embeddable":true,"href":"https:\/\/www.radiopresidenteibanez.cl\/web\/wp-json\/wp\/v2\/categories?post=19014"},{"taxonomy":"post_tag","embeddable":true,"href":"https:\/\/www.radiopresidenteibanez.cl\/web\/wp-json\/wp\/v2\/tags?post=19014"}],"curies":[{"name":"wp","href":"https:\/\/api.w.org\/{rel}","templated":true}]}}