{"id":19010,"date":"2021-03-06T02:45:00","date_gmt":"2021-03-06T02:45:00","guid":{"rendered":"https:\/\/www.radiopresidenteibanez.cl\/web\/?p=19010"},"modified":"2021-03-05T15:52:36","modified_gmt":"2021-03-05T15:52:36","slug":"se-realizo-segunda-reunion-para-elaboracion-del-plan-de-desarrollo-turistico-regional","status":"publish","type":"post","link":"https:\/\/www.radiopresidenteibanez.cl\/web\/se-realizo-segunda-reunion-para-elaboracion-del-plan-de-desarrollo-turistico-regional\/","title":{"rendered":"SE REALIZ\u00d3 SEGUNDA REUNI\u00d3N PARA ELABORACI\u00d3N DEL PLAN DE DESARROLLO TUR\u00cdSTICO REGIONAL"},"content":{"rendered":"\n<p>se realiz\u00f3 la segunda reuni\u00f3n de\ncoordinaci\u00f3n para avanzar en el proceso de elaboraci\u00f3n del Plan de Desarrollo\nTur\u00edstico Regional, instancia liderada por el Jefe de Divisi\u00f3n de Fomento e\nIndustrias del Gobierno Regional, Sr. V\u00edctor Fern\u00e1ndez, la cual tiene por\nfinalidad generar un espacio de trabajo colaborativo y participativo entre\nautoridades y actores ligados al sector para la implementaci\u00f3n de un plan que\nimpulse y fomente el turismo en la regi\u00f3n, en concordancia con las condiciones\nactuales a ra\u00edz de la pandemia y con el esp\u00edritu de propiciar mejoras en los\nejes esenciales del desarrollo de la actividad, que se traducir\u00e1n en un\nprogreso, tanto para prestadores de servicios, como para usuarios.<\/p>\n\n\n\n<p>Dada la amplitud de tem\u00e1ticas a\ntratar, se trabaj\u00f3 bajo las l\u00edneas estrat\u00e9gicas de mejoramiento en los mecanismos\nde captura de informaci\u00f3n estad\u00edstica, demanda tur\u00edstica, oferta tur\u00edstica, desarrollo\nde infraestructura y conectividad, ordenamiento territorial, organizaci\u00f3n e\ninstitucionalidad p\u00fablico-privada del sector turismo, capital humano y\neducaci\u00f3n y finalmente \u00e1reas silvestres protegidas y \u00e1reas fiscales.<\/p>\n\n\n\n<p>Esta asamblea cont\u00f3 con la\nparticipaci\u00f3n del presidente de la Comisi\u00f3n de Turismo del Consejo Regional,\nSr. Emilio Boccazzi, la Seremi de Econom\u00eda, Fomento y Turismo, Sra. Natalia\nEaston, la directora regional de Sernatur, Sra. Ximena Castro y diversos\nrepresentantes de los gremios de la industria tur\u00edstica y subrubros vinculados,\ncomo lo son la gastronom\u00eda, entre otros.<\/p>\n","protected":false},"excerpt":{"rendered":"<p>se realiz\u00f3 la segunda reuni\u00f3n de coordinaci\u00f3n para avanzar en el proceso de elaboraci\u00f3n del Plan de Desarrollo Tur\u00edstico Regional, instancia liderada por el Jefe de Divisi\u00f3n de Fomento e&#8230; <a class=\"read-more\" href=\"https:\/\/www.radiopresidenteibanez.cl\/web\/se-realizo-segunda-reunion-para-elaboracion-del-plan-de-desarrollo-turistico-regional\/\">Leer m\u00e1s<\/a><\/p>\n","protected":false},"author":2,"featured_media":19011,"comment_status":"closed","ping_status":"closed","sticky":false,"template":"","format":"standard","meta":{"footnotes":""},"categories":[1],"tags":[],"class_list":["post-19010","post","type-post","status-publish","format-standard","has-post-thumbnail","hentry","category-cronica"],"_links":{"self":[{"href":"https:\/\/www.radiopresidenteibanez.cl\/web\/wp-json\/wp\/v2\/posts\/19010","targetHints":{"allow":["GET"]}}],"collection":[{"href":"https:\/\/www.radiopresidenteibanez.cl\/web\/wp-json\/wp\/v2\/posts"}],"about":[{"href":"https:\/\/www.radiopresidenteibanez.cl\/web\/wp-json\/wp\/v2\/types\/post"}],"author":[{"embeddable":true,"href":"https:\/\/www.radiopresidenteibanez.cl\/web\/wp-json\/wp\/v2\/users\/2"}],"replies":[{"embeddable":true,"href":"https:\/\/www.radiopresidenteibanez.cl\/web\/wp-json\/wp\/v2\/comments?post=19010"}],"version-history":[{"count":0,"href":"https:\/\/www.radiopresidenteibanez.cl\/web\/wp-json\/wp\/v2\/posts\/19010\/revisions"}],"wp:featuredmedia":[{"embeddable":true,"href":"https:\/\/www.radiopresidenteibanez.cl\/web\/wp-json\/wp\/v2\/media\/19011"}],"wp:attachment":[{"href":"https:\/\/www.radiopresidenteibanez.cl\/web\/wp-json\/wp\/v2\/media?parent=19010"}],"wp:term":[{"taxonomy":"category","embeddable":true,"href":"https:\/\/www.radiopresidenteibanez.cl\/web\/wp-json\/wp\/v2\/categories?post=19010"},{"taxonomy":"post_tag","embeddable":true,"href":"https:\/\/www.radiopresidenteibanez.cl\/web\/wp-json\/wp\/v2\/tags?post=19010"}],"curies":[{"name":"wp","href":"https:\/\/api.w.org\/{rel}","templated":true}]}}